{"id":5358,"date":"2014-04-26T10:32:07","date_gmt":"2014-04-26T13:32:07","guid":{"rendered":"http:\/\/obispadodezaratecampana.org\/?p=5358"},"modified":"2014-04-26T10:32:07","modified_gmt":"2014-04-26T13:32:07","slug":"charla-abierta-de-los-metodos-naturales-de-planificacion-familiar","status":"publish","type":"post","link":"https:\/\/obispadodezaratecampana.org\/?p=5358","title":{"rendered":"Charla abierta de los M\u00e9todos Naturales de Planificaci\u00f3n Familiar"},"content":{"rendered":"<p>El d\u00eda domingo 27 de abril de 17:00 \u00a0a 19:00 hs. se realizar\u00e1 en la Co-Catedral Natividad del Se\u00f1or en Escobar una charla destinada a novios, matrimonios, mujeres mayores de 18 a\u00f1os que quieran aprender a reconocer su fertilidad para lograr o postergar un embarazo.<\/p>\n<p>La entrada es libre y gratuita inscribi\u00e9ndose por mail a planificacionnatural@outlook.com.<\/p>\n<p>Organiza el Gabinete de Reconocimiento de la Fertilidad, centro asesorado por el Instituto para el matrimonio y la familia de la UCA.<\/p>\n<p>Evento en facebook:\u00a0<a title=\"planificacion \" href=\"https:\/\/www.facebook.com\/events\/602361436524650\/?ref_dashboard_filter=upcoming\">https:\/\/www.facebook.com\/events\/602361436524650\/?ref_dashboard_filter=upcoming<\/a><\/p>\n<!-- AddThis Advanced Settings generic via filter on the_content --><!-- AddThis Share Buttons generic via filter on the_content -->","protected":false},"excerpt":{"rendered":"<p>El d\u00eda domingo 27 de abril de 17:00 \u00a0a 19:00 hs. se realizar\u00e1 en la Co-Catedral Natividad del Se\u00f1or en Escobar una charla destinada a [&hellip;]<!-- AddThis Advanced Settings generic via filter on get_the_excerpt --><!-- AddThis Share Buttons generic via filter on get_the_excerpt --><\/p>\n","protected":false},"author":2,"featured_media":5360,"comment_status":"open","ping_status":"closed","sticky":false,"template":"","format":"standard","meta":{"footnotes":""},"categories":[3],"tags":[],"class_list":["post-5358","post","type-post","status-publish","format-standard","has-post-thumbnail","hentry","category-noticiasparroquiales"],"_links":{"self":[{"href":"https:\/\/obispadodezaratecampana.org\/index.php?rest_route=\/wp\/v2\/posts\/5358","targetHints":{"allow":["GET"]}}],"collection":[{"href":"https:\/\/obispadodezaratecampana.org\/index.php?rest_route=\/wp\/v2\/posts"}],"about":[{"href":"https:\/\/obispadodezaratecampana.org\/index.php?rest_route=\/wp\/v2\/types\/post"}],"author":[{"embeddable":true,"href":"https:\/\/obispadodezaratecampana.org\/index.php?rest_route=\/wp\/v2\/users\/2"}],"replies":[{"embeddable":true,"href":"https:\/\/obispadodezaratecampana.org\/index.php?rest_route=%2Fwp%2Fv2%2Fcomments&post=5358"}],"version-history":[{"count":1,"href":"https:\/\/obispadodezaratecampana.org\/index.php?rest_route=\/wp\/v2\/posts\/5358\/revisions"}],"predecessor-version":[{"id":5361,"href":"https:\/\/obispadodezaratecampana.org\/index.php?rest_route=\/wp\/v2\/posts\/5358\/revisions\/5361"}],"wp:featuredmedia":[{"embeddable":true,"href":"https:\/\/obispadodezaratecampana.org\/index.php?rest_route=\/wp\/v2\/media\/5360"}],"wp:attachment":[{"href":"https:\/\/obispadodezaratecampana.org\/index.php?rest_route=%2Fwp%2Fv2%2Fmedia&parent=5358"}],"wp:term":[{"taxonomy":"category","embeddable":true,"href":"https:\/\/obispadodezaratecampana.org\/index.php?rest_route=%2Fwp%2Fv2%2Fcategories&post=5358"},{"taxonomy":"post_tag","embeddable":true,"href":"https:\/\/obispadodezaratecampana.org\/index.php?rest_route=%2Fwp%2Fv2%2Ftags&post=5358"}],"curies":[{"name":"wp","href":"https:\/\/api.w.org\/{rel}","templated":true}]}}