{"id":4874,"date":"2014-03-29T13:11:08","date_gmt":"2014-03-29T16:11:08","guid":{"rendered":"http:\/\/obispadodezaratecampana.org\/?p=4874"},"modified":"2014-03-29T13:11:08","modified_gmt":"2014-03-29T16:11:08","slug":"domingo-30-de-marzo-retiro-espiritual-en-zarate","status":"publish","type":"post","link":"https:\/\/obispadodezaratecampana.org\/?p=4874","title":{"rendered":"Domingo 30 de marzo: Retiro Espiritual en Z\u00e1rate"},"content":{"rendered":"<p>Les compartimos esta invitaci\u00f3n de la Pquia. Ntra. Se\u00f1ora de Lujan de Z\u00e1rate:<\/p>\n<p><em>El pr\u00f3ximo domingo 30 de marzo, \u00a0entre las 10:00 y 19:00 horas estaremos realizando un retiro espiritual, para poder vivir un d\u00eda distinto comprometido plenamente a Dios. El mismo finalizara con la Santa Misa de las 19:00 horas. <\/em><br \/>\n<em>\u00danicos requisitos: \u00a0traer equipo de mate y galletitas para el desayuno y algo preparado para compartir en el almuerzo.<\/em><\/p>\n<p><em>Los que tengan, traigan una Biblia.<\/em><\/p>\n<p><em><\/em><em>Lo m\u00e1s importante venir con muchas ganas de vivir un d\u00eda distinto colmado del amor y la alegr\u00eda de Cristo.<\/em><\/p>\n<p><em>\u00a1\u00a1\u00a1Los esperamos!!!<\/em><br \/>\n<em>\u00a1\u00a1\u00a1Bendiciones!!!<\/em><\/p>\n<p>Facebook de la parroquia\u00a0<a title=\"retiro \" href=\"https:\/\/www.facebook.com\/parroquianuestrasradelujan.zarate\">https:\/\/www.facebook.com\/parroquianuestrasradelujan.zarate<\/a><\/p>\n<!-- AddThis Advanced Settings generic via filter on the_content --><!-- AddThis Share Buttons generic via filter on the_content -->","protected":false},"excerpt":{"rendered":"<p>Les compartimos esta invitaci\u00f3n de la Pquia. Ntra. Se\u00f1ora de Lujan de Z\u00e1rate: El pr\u00f3ximo domingo 30 de marzo, \u00a0entre las 10:00 y 19:00 horas [&hellip;]<!-- AddThis Advanced Settings generic via filter on get_the_excerpt --><!-- AddThis Share Buttons generic via filter on get_the_excerpt --><\/p>\n","protected":false},"author":2,"featured_media":4875,"comment_status":"open","ping_status":"closed","sticky":false,"template":"","format":"standard","meta":{"footnotes":""},"categories":[3],"tags":[],"class_list":["post-4874","post","type-post","status-publish","format-standard","has-post-thumbnail","hentry","category-noticiasparroquiales"],"_links":{"self":[{"href":"https:\/\/obispadodezaratecampana.org\/index.php?rest_route=\/wp\/v2\/posts\/4874","targetHints":{"allow":["GET"]}}],"collection":[{"href":"https:\/\/obispadodezaratecampana.org\/index.php?rest_route=\/wp\/v2\/posts"}],"about":[{"href":"https:\/\/obispadodezaratecampana.org\/index.php?rest_route=\/wp\/v2\/types\/post"}],"author":[{"embeddable":true,"href":"https:\/\/obispadodezaratecampana.org\/index.php?rest_route=\/wp\/v2\/users\/2"}],"replies":[{"embeddable":true,"href":"https:\/\/obispadodezaratecampana.org\/index.php?rest_route=%2Fwp%2Fv2%2Fcomments&post=4874"}],"version-history":[{"count":1,"href":"https:\/\/obispadodezaratecampana.org\/index.php?rest_route=\/wp\/v2\/posts\/4874\/revisions"}],"predecessor-version":[{"id":4876,"href":"https:\/\/obispadodezaratecampana.org\/index.php?rest_route=\/wp\/v2\/posts\/4874\/revisions\/4876"}],"wp:featuredmedia":[{"embeddable":true,"href":"https:\/\/obispadodezaratecampana.org\/index.php?rest_route=\/wp\/v2\/media\/4875"}],"wp:attachment":[{"href":"https:\/\/obispadodezaratecampana.org\/index.php?rest_route=%2Fwp%2Fv2%2Fmedia&parent=4874"}],"wp:term":[{"taxonomy":"category","embeddable":true,"href":"https:\/\/obispadodezaratecampana.org\/index.php?rest_route=%2Fwp%2Fv2%2Fcategories&post=4874"},{"taxonomy":"post_tag","embeddable":true,"href":"https:\/\/obispadodezaratecampana.org\/index.php?rest_route=%2Fwp%2Fv2%2Ftags&post=4874"}],"curies":[{"name":"wp","href":"https:\/\/api.w.org\/{rel}","templated":true}]}}