{"id":4849,"date":"2014-03-29T09:49:05","date_gmt":"2014-03-29T12:49:05","guid":{"rendered":"http:\/\/obispadodezaratecampana.org\/?p=4849"},"modified":"2014-03-29T09:49:05","modified_gmt":"2014-03-29T12:49:05","slug":"convertirse-no-es-cuestion-de-un-momento-sino-empeno-que-dura-toda-la-vida","status":"publish","type":"post","link":"https:\/\/obispadodezaratecampana.org\/?p=4849","title":{"rendered":"&#8220;Convertirse no es cuesti\u00f3n de un momento, sino empe\u00f1o que dura toda la vida&#8221;"},"content":{"rendered":"<p>2014-03-28\u00a0Revestirnos del hombre nuevo que nace en el Bautismo, y permanecer en el amor de Jesucristo que dura para siempre, que jam\u00e1s tendr\u00e1 fin, porque es la vida misma de Dios, fueron los conceptos que expres\u00f3 el Papa Francisco en su homil\u00eda de la Celebraci\u00f3n penitencial que presidi\u00f3 esta tarde en la Bas\u00edlica Vaticana, en el \u00e1mbito de la iniciativa cuaresmal del Consejo Pontificio para la Promoci\u00f3n de la Nueva Evangelizaci\u00f3n titulada \u201c24 horas por el Se\u00f1or\u201d.<br \/>\nHacia el final de su homil\u00eda, el Santo Padre record\u00f3 que tras esta celebraci\u00f3n, muchos de los presentes iban a hacerse misioneros para proponer a otros la experiencia de la reconciliaci\u00f3n con Dios. Y destac\u00f3 que \u201c24 horas por el Se\u00f1or\u201d es la iniciativa a la que adhirieron tantas di\u00f3cesis en todas partes del mundo. De ah\u00ed la invitaci\u00f3n del Papa Bergoglio a comunicar a cuantos encuentren \u201cla alegr\u00eda de recibir el perd\u00f3n del Padre y de volver a encontrar la amistad plena con \u00c9l\u201d. Porque como dijo el Obispo de Roma quien experimenta la misericordia divina, se siente impulsado a hacerse art\u00edfice de misericordia entre los \u00faltimos y en los pobres, en los que Jes\u00fas nos espera.<\/p>\n<p><em>\u00a0 \u00a0 \u00a0 \u00a0 \u00a0 \u00a0 \u00a0 \u00a0 Texto completo de la homil\u00eda del Santo Padre Francisco<\/em><br \/>\n<em>Hermanos y hermanas,<\/em><br \/>\n<em>En el per\u00edodo de la Cuaresma la Iglesia, en nombre de Dios, renueva el llamamiento a la conversi\u00f3n. Es la llamada a cambiar de vida. Convertirse no es cuesti\u00f3n de un momento o de un per\u00edodo del a\u00f1o, es un empe\u00f1o que dura toda la vida. \u00bfQui\u00e9n de entre nosotros puede presumir que no es pecador? Nadie. Todos lo sabemos. Escribe el ap\u00f3stol Juan: \u201cSi decimos: \u2018No tenemos pecado\u2019, nos enga\u00f1amos y la verdad no est\u00e1 en nosotros. Si reconocemos nuestros pecados, fiel y justo es \u00e9l para perdonarnos los pecados y purificarnos de toda injusticia\u201d (1 Jn 1, 8-9). Es lo que sucede tambi\u00e9n en esta celebraci\u00f3n y en toda esta jornada penitencial. La Palabra de Dios que hemos escuchado nos introduce en dos elementos esenciales de la vida cristiana.<\/em><br \/>\n<em>El primero: Revestirnos del hombre nuevo. El hombre nuevo, \u201ccreado seg\u00fan Dios\u201d (Ef 4, 24), nace en el Bautismo, donde se recibe la vida misma de Dios, que nos hace sus hijos y nos incorpora a Cristo y a la Iglesia. Esta vida nueva permite ver la realidad con ojos diversos, sin estar distra\u00eddos por las cosas que no cuentan y no pueden durar por mucho tiempo, de las cosas que terminan con el tiempo. Por esta raz\u00f3n estamos llamados a abandonar los comportamientos del pecado y fijar la mirada en lo esencial. Fijar la mirada en lo esencial de la vida. \u201cEl hombre vale m\u00e1s por lo que es que por lo que tiene\u201d (Gaudium et spes, 35). Fijar la mirada sobre la realidad esencial del hombre. He aqu\u00ed la diferencia entre la vida deformada por el pecado y aquella iluminada por la gracia. Del coraz\u00f3n del hombre renovado seg\u00fan Dios provienen los comportamientos buenos: hablar siempre con la verdad y evitar toda mentira; no robar, sino m\u00e1s bien compartir cuanto se posee con los dem\u00e1s, especialmente con quien tiene necesidad; non ceder a la ira, al rencor y a la venganza, sino ser mansos, magn\u00e1nimos y dispuestos al perd\u00f3n; no caer en la maledicencia que arruina la buena fama de las personas, sino mirar mayormente el lado positivo de cada uno. Y esto es revestirse del hombre nuevo, con estas actitudes nuevas.<\/em><br \/>\n<em>El segundo elemento: Permanecer en el amor. El amor de Jesucristo dura para siempre, jam\u00e1s tendr\u00e1 fin, porque es la vida misma de Dios. Este amor vence el pecado y da la fuerza para volver a levantarse y recomenzar, porque con el perd\u00f3n el coraz\u00f3n se renueva y rejuvenece. Todos lo sabemos: Nuestro Padre jam\u00e1s se cansa de amar y sus ojos no se amodorran al mirar el camino de casa, para ver si el hijo que se fue y se ha perdido regresa. Podemos hablar de la esperanza de Dios: nuestro Padre nos espera siempre. No s\u00f3lo nos deja la puerta abierta: nos espera. \u00c9l est\u00e1 involucrado en esto, esperar a los hijos. Y este Padre no se cansa ni siquiera de amar al otro hijo que, aun permaneciendo siempre en casa con \u00e9l, sin embargo no es part\u00edcipe de su misericordia, de su compasi\u00f3n. Dios no s\u00f3lo est\u00e1 en el origen del amor, sino que en Jesucristo nos llama a imitar su mismo de amar: \u201cComo yo los he amado, as\u00ed \u00e1mense tambi\u00e9n ustedes los unos a los otros\u201d (Jn 13, 34). En la medida en que los cristianos viven este amor, se convierten en el mundo en disc\u00edpulos cre\u00edbles de Cristo. El amor no puede soportar permanecer encerrado en s\u00ed mismo. Por su misma naturaleza es abierto, se difunde y es fecundo, genera siempre nuevo amor.<\/em><br \/>\n<em>Queridos hermanos y hermanas, despu\u00e9s de esta celebraci\u00f3n, muchos de ustedes se har\u00e1n misioneros para proponer a otros la experiencia de la reconciliaci\u00f3n con Dios. \u201c24 horas por el Se\u00f1or\u201d es la iniciativa a la que han adherido tantas di\u00f3cesis en todas partes del mundo. A cuantos encontrar\u00e1n, podr\u00e1n comunicar la alegr\u00eda de recibir el perd\u00f3n del Padre y de volver a encontrar la amistad plena con \u00c9l. Y d\u00edganles que nuestro Padre nos espera, nuestro Padre nos perdona, y es m\u00e1s: \u00a1Hace fiesta! Si t\u00fa vienes con toda tu vida, con tantos pecados, \u00c9l en lugar de reprocharte, hace fiesta. Esto es nuestro Padre, y esto lo tienen que decir ustedes, decirlo a mucha gente, hoy. Quien experimenta la misericordia divina, se siente impulsado a hacerse art\u00edfice de misericordia entre los \u00faltimos y los pobres. En estos \u201chermanos m\u00e1s peque\u00f1os\u201d Jes\u00fas nos espera (Cfr. Mt 25, 40). Recibamos misericordia, y demos misericordia. \u00a1Salgamos a su encuentro! \u00a1Y celebraremos la Pascua en la alegr\u00eda de dio!<\/em><\/p>\n<p>Fuente: www.news.va<\/p>\n<!-- AddThis Advanced Settings generic via filter on the_content --><!-- AddThis Share Buttons generic via filter on the_content -->","protected":false},"excerpt":{"rendered":"<p>2014-03-28\u00a0Revestirnos del hombre nuevo que nace en el Bautismo, y permanecer en el amor de Jesucristo que dura para siempre, que jam\u00e1s tendr\u00e1 fin, porque [&hellip;]<!-- AddThis Advanced Settings generic via filter on get_the_excerpt --><!-- AddThis Share Buttons generic via filter on get_the_excerpt --><\/p>\n","protected":false},"author":2,"featured_media":4850,"comment_status":"open","ping_status":"closed","sticky":false,"template":"","format":"standard","meta":{"footnotes":""},"categories":[161],"tags":[],"class_list":["post-4849","post","type-post","status-publish","format-standard","has-post-thumbnail","hentry","category-el-papa-leonxiv"],"_links":{"self":[{"href":"https:\/\/obispadodezaratecampana.org\/index.php?rest_route=\/wp\/v2\/posts\/4849","targetHints":{"allow":["GET"]}}],"collection":[{"href":"https:\/\/obispadodezaratecampana.org\/index.php?rest_route=\/wp\/v2\/posts"}],"about":[{"href":"https:\/\/obispadodezaratecampana.org\/index.php?rest_route=\/wp\/v2\/types\/post"}],"author":[{"embeddable":true,"href":"https:\/\/obispadodezaratecampana.org\/index.php?rest_route=\/wp\/v2\/users\/2"}],"replies":[{"embeddable":true,"href":"https:\/\/obispadodezaratecampana.org\/index.php?rest_route=%2Fwp%2Fv2%2Fcomments&post=4849"}],"version-history":[{"count":1,"href":"https:\/\/obispadodezaratecampana.org\/index.php?rest_route=\/wp\/v2\/posts\/4849\/revisions"}],"predecessor-version":[{"id":4851,"href":"https:\/\/obispadodezaratecampana.org\/index.php?rest_route=\/wp\/v2\/posts\/4849\/revisions\/4851"}],"wp:featuredmedia":[{"embeddable":true,"href":"https:\/\/obispadodezaratecampana.org\/index.php?rest_route=\/wp\/v2\/media\/4850"}],"wp:attachment":[{"href":"https:\/\/obispadodezaratecampana.org\/index.php?rest_route=%2Fwp%2Fv2%2Fmedia&parent=4849"}],"wp:term":[{"taxonomy":"category","embeddable":true,"href":"https:\/\/obispadodezaratecampana.org\/index.php?rest_route=%2Fwp%2Fv2%2Fcategories&post=4849"},{"taxonomy":"post_tag","embeddable":true,"href":"https:\/\/obispadodezaratecampana.org\/index.php?rest_route=%2Fwp%2Fv2%2Ftags&post=4849"}],"curies":[{"name":"wp","href":"https:\/\/api.w.org\/{rel}","templated":true}]}}