{"id":4838,"date":"2014-03-29T08:46:48","date_gmt":"2014-03-29T11:46:48","guid":{"rendered":"http:\/\/obispadodezaratecampana.org\/?p=4838"},"modified":"2014-03-29T08:46:48","modified_gmt":"2014-03-29T11:46:48","slug":"la-confesion-no-es-un-tribunal-de-condena-sino-una-experiencia-de-amor-y-misericordia","status":"publish","type":"post","link":"https:\/\/obispadodezaratecampana.org\/?p=4838","title":{"rendered":"LA CONFESI\u00d3N NO ES UN TRIBUNAL DE CONDENA, SINO UNA EXPERIENCIA DE AMOR Y MISERICORDIA"},"content":{"rendered":"<p>Ciudad del Vaticano, 28 marzo 2014 (VIS).-El Papa Francisco ha recibido esta ma\u00f1ana en el Aula de las Bendiciones a seiscientos participantes en el curso anual del foro interno de la Penitenciar\u00eda Apost\u00f3lica. Desde hace un cuarto de siglo ese dicasterio ofrece, sobre todo a los sacerdotes reci\u00e9n ordenados y a los di\u00e1conos, ese curso para contribuir a la formaci\u00f3n de buenos confesores.<\/p>\n<p>En su discurso el Santo Padre ha invitado a los presentes a atesorar la experiencia adquirida para ayudar cada vez m\u00e1s a la Iglesia y a los confesores a desempe\u00f1ar \u201cel ministerio de la misericordia, que es tan importante\u201d y ha reflexionado con ellos sobre tres puntos claves de la confesi\u00f3n.<\/p>\n<p>\u201cEn primer lugar -ha dicho- el protagonista del ministerio de la reconciliaci\u00f3n es el Esp\u00edritu Santo. El perd\u00f3n que el sacramento confiere es la vida nueva transmitida por el Se\u00f1or Resucitado a trav\u00e9s de su Esp\u00edritu&#8230;Por lo tanto, est\u00e1is llamados a ser siempre \u201chombres del Esp\u00edritu Santo, testigos y anunciadores, alegres y fuertes, de la resurrecci\u00f3n del Se\u00f1or\u201d. El Obispo de Roma les ha invitado a acoger a los penitentes \u201cno con la actitud de un juez y tampoco con la de un simple amigo, sino con la caridad de Dios&#8230; El coraz\u00f3n del sacerdote es un coraz\u00f3n que se conmueve&#8230;Si es verdad que la tradici\u00f3n indica el papel doble de m\u00e9dico y de juez de los confesores, no hay que olvidar que c\u00f3mo m\u00e9dico est\u00e1 llamado a curar y como juez a absolver\u201d.<\/p>\n<p>\u201cSi la Reconciliaci\u00f3n transmite la vida nueva del Resucitado y renueva la gracia bautismal -ha explicado abordando el segundo aspecto- vuestra tarea es entonces la de darla generosamente a los fieles. Un sacerdote que no se dedica a esta parte de su ministerio&#8230; es como un pastor que no se preocupa por las ovejas que se han perdido&#8230;\u00a1La misericordia es el coraz\u00f3n del Evangelio\u00a1 Es la buena nueva de que Dios nos ama, de que ama siempre al pecador y con este amor lo atrae hacia s\u00ed y lo invita a la conversi\u00f3n. No olvidemos que, a menudo, a los fieles les cuesta trabajo confesarse, sea por motivos pr\u00e1cticos, sea por la dificultad natural de confesar a otro hombre los pecados propios. Por eso es necesario trabajar sobre nosotros mismos, sobre nuestra humanidad, para que no representemos nunca un obst\u00e1culo sino para que favorezcamos siempre el acercamiento a la misericordia y al perd\u00f3n.. \u00a1La confesi\u00f3n no es un tribunal de condena, sino una experiencia de perd\u00f3n y misericordia!\u201d.<\/p>\n<p>Por \u00faltimo, Francisco, se ha referido a las dificultades que, con frecuencia, encuentra la confesi\u00f3n. \u201cLas razones son tantas, sea hist\u00f3ricas como espirituales. Sin embargo, sabemos que el Se\u00f1or quiso regalar este don inmenso a su Iglesia, ofreciendo a los bautizados la seguridad del perd\u00f3n del Padre. Por eso es muy importante que en todas las di\u00f3cesis y comunidades parroquiales se preste mucha atenci\u00f3n a la celebraci\u00f3n de este sacramento de perd\u00f3n y salvaci\u00f3n. Es importante que en todas las parroquias los fieles sepan cuando pueden encontrar disponibles a los sacerdotes: cuando hay fidelidad, se ven los frutos\u201d.<\/p>\n<p>&nbsp;<\/p>\n<!-- AddThis Advanced Settings generic via filter on the_content --><!-- AddThis Share Buttons generic via filter on the_content -->","protected":false},"excerpt":{"rendered":"<p>Ciudad del Vaticano, 28 marzo 2014 (VIS).-El Papa Francisco ha recibido esta ma\u00f1ana en el Aula de las Bendiciones a seiscientos participantes en el curso [&hellip;]<!-- AddThis Advanced Settings generic via filter on get_the_excerpt --><!-- AddThis Share Buttons generic via filter on get_the_excerpt --><\/p>\n","protected":false},"author":2,"featured_media":4839,"comment_status":"open","ping_status":"closed","sticky":false,"template":"","format":"standard","meta":{"footnotes":""},"categories":[161],"tags":[],"class_list":["post-4838","post","type-post","status-publish","format-standard","has-post-thumbnail","hentry","category-el-papa-leonxiv"],"_links":{"self":[{"href":"https:\/\/obispadodezaratecampana.org\/index.php?rest_route=\/wp\/v2\/posts\/4838","targetHints":{"allow":["GET"]}}],"collection":[{"href":"https:\/\/obispadodezaratecampana.org\/index.php?rest_route=\/wp\/v2\/posts"}],"about":[{"href":"https:\/\/obispadodezaratecampana.org\/index.php?rest_route=\/wp\/v2\/types\/post"}],"author":[{"embeddable":true,"href":"https:\/\/obispadodezaratecampana.org\/index.php?rest_route=\/wp\/v2\/users\/2"}],"replies":[{"embeddable":true,"href":"https:\/\/obispadodezaratecampana.org\/index.php?rest_route=%2Fwp%2Fv2%2Fcomments&post=4838"}],"version-history":[{"count":1,"href":"https:\/\/obispadodezaratecampana.org\/index.php?rest_route=\/wp\/v2\/posts\/4838\/revisions"}],"predecessor-version":[{"id":4840,"href":"https:\/\/obispadodezaratecampana.org\/index.php?rest_route=\/wp\/v2\/posts\/4838\/revisions\/4840"}],"wp:featuredmedia":[{"embeddable":true,"href":"https:\/\/obispadodezaratecampana.org\/index.php?rest_route=\/wp\/v2\/media\/4839"}],"wp:attachment":[{"href":"https:\/\/obispadodezaratecampana.org\/index.php?rest_route=%2Fwp%2Fv2%2Fmedia&parent=4838"}],"wp:term":[{"taxonomy":"category","embeddable":true,"href":"https:\/\/obispadodezaratecampana.org\/index.php?rest_route=%2Fwp%2Fv2%2Fcategories&post=4838"},{"taxonomy":"post_tag","embeddable":true,"href":"https:\/\/obispadodezaratecampana.org\/index.php?rest_route=%2Fwp%2Fv2%2Ftags&post=4838"}],"curies":[{"name":"wp","href":"https:\/\/api.w.org\/{rel}","templated":true}]}}