{"id":4832,"date":"2014-03-29T08:33:50","date_gmt":"2014-03-29T11:33:50","guid":{"rendered":"http:\/\/obispadodezaratecampana.org\/?p=4832"},"modified":"2014-03-29T08:33:50","modified_gmt":"2014-03-29T11:33:50","slug":"francisco-es-muy-dificil-que-un-corrupto-deje-de-serlo","status":"publish","type":"post","link":"https:\/\/obispadodezaratecampana.org\/?p=4832","title":{"rendered":"FRANCISCO: ES MUY DIF\u00cdCIL QUE UN CORRUPTO DEJE DE SERLO"},"content":{"rendered":"<p>Ciudad del Vaticano, 27 marzo 2014 (VIS).- El contraste entre el lamento de Dios y las justificaciones de los hombres, ha sido el tema tratado por el Papa en la homil\u00eda que ha pronunciado esta ma\u00f1ana en la bas\u00edlica de San Pedro ante numerosos parlamentarios y ministros italianos. Francisco ha hablado de la infidelidad del pueblo de Dios, de una generaci\u00f3n que no aceptaba a sus mensajeros y en cambio, se justificaba por sus pecados. \u201cFue un gran trabajo del Se\u00f1or quitar del coraz\u00f3n de su pueblo la idolatr\u00eda, para hacerlo d\u00f3cil a su palabra. Pero el pueblo segu\u00eda este camino por poco tiempo, y luego volv\u00edan atr\u00e1s\u201d.<\/p>\n<p>\u201cDe pecadores, pasaron a ser corruptos -ha continuado-. Es muy dif\u00edcil que un corrupto deje de serlo. El pecador, s\u00ed, porque el Se\u00f1or es misericordioso y nos espera a todos. Pero el corrupto est\u00e1 obsesionado con sus cosas, y aquellos lo eran. Por esto se justificaban, porque Jes\u00fas, con su sencillez, pero con la fuerza de Dios, les molestaba. Y poco a poco, terminaron convenci\u00e9ndose de que deb\u00edan matar a Jes\u00fas y uno de ellos dijo: \u201cEs mejor que un hombre muera por todo el pueblo\u201d.<\/p>\n<p>Pero \u201cse equivocaron de camino. Se resistieron a la salvaci\u00f3n del amor del Se\u00f1or, y as\u00ed dejaron de lado la fe y pasaron de una teolog\u00eda de fe a una teolog\u00eda del deber: \u201cTen\u00e9is que hacer esto, esto, esto \u201c&#8230;. Y Jes\u00fas les se\u00f1ala con ese adjetivo tan feo: \u201c\u00a1Hip\u00f3critas! Es mucho el peso que oprime la espalda del pueblo. \u00bfY vosotros? Ni siquiera les toc\u00e1is con un dedo! .!Hip\u00f3critas\u00a1\u201d. Rechazaron el amor del Se\u00f1or y este rechazo les llev\u00f3 a recorrer un camino que no era el de la dial\u00e9ctica de la libertad que Jes\u00fas ofrec\u00eda, sino el de la l\u00f3gica de la necesidad, donde no hay lugar para el Se\u00f1or&#8230;Se convirti\u00f3 en un tipo de conducta. Hombres de buena educaci\u00f3n, pero de malos h\u00e1bitos. Jes\u00fas los llama, \u201csepulcros blanqueados\u201d. Este es el dolor del Se\u00f1or, la tristeza de Dios, el lamento de Dios\u201d.<\/p>\n<p>Francisco ha recordado que en el tiempo de Cuaresma \u201cnos har\u00e1 bien a todos pensar en la invitaci\u00f3n del Se\u00f1or al amor, en esta dial\u00e9ctica de la libertad que conlleva el amor y preguntarnos todos: \u00bfYo estoy en este camino? \u00bfO tiendo a justificarme y pasar de un camino a otro?. Un camino c\u00edclico, porque no lleva a ninguna promesa. Oremos al Se\u00f1or -ha concluido- para que nos conceda la gracia de recorrer siempre el camino de la salvaci\u00f3n, para abrirnos a la salvaci\u00f3n que viene solamente de Dios, de la fe, no de lo que proponen estos \u201cdoctores del derecho&#8221;, que perdieron la fe y gobernaron al pueblo con esta teolog\u00eda pastoral del deber\u201d.<\/p>\n<!-- AddThis Advanced Settings generic via filter on the_content --><!-- AddThis Share Buttons generic via filter on the_content -->","protected":false},"excerpt":{"rendered":"<p>Ciudad del Vaticano, 27 marzo 2014 (VIS).- El contraste entre el lamento de Dios y las justificaciones de los hombres, ha sido el tema tratado [&hellip;]<!-- AddThis Advanced Settings generic via filter on get_the_excerpt --><!-- AddThis Share Buttons generic via filter on get_the_excerpt --><\/p>\n","protected":false},"author":2,"featured_media":4833,"comment_status":"open","ping_status":"closed","sticky":false,"template":"","format":"standard","meta":{"footnotes":""},"categories":[161],"tags":[],"class_list":["post-4832","post","type-post","status-publish","format-standard","has-post-thumbnail","hentry","category-el-papa-leonxiv"],"_links":{"self":[{"href":"https:\/\/obispadodezaratecampana.org\/index.php?rest_route=\/wp\/v2\/posts\/4832","targetHints":{"allow":["GET"]}}],"collection":[{"href":"https:\/\/obispadodezaratecampana.org\/index.php?rest_route=\/wp\/v2\/posts"}],"about":[{"href":"https:\/\/obispadodezaratecampana.org\/index.php?rest_route=\/wp\/v2\/types\/post"}],"author":[{"embeddable":true,"href":"https:\/\/obispadodezaratecampana.org\/index.php?rest_route=\/wp\/v2\/users\/2"}],"replies":[{"embeddable":true,"href":"https:\/\/obispadodezaratecampana.org\/index.php?rest_route=%2Fwp%2Fv2%2Fcomments&post=4832"}],"version-history":[{"count":1,"href":"https:\/\/obispadodezaratecampana.org\/index.php?rest_route=\/wp\/v2\/posts\/4832\/revisions"}],"predecessor-version":[{"id":4834,"href":"https:\/\/obispadodezaratecampana.org\/index.php?rest_route=\/wp\/v2\/posts\/4832\/revisions\/4834"}],"wp:featuredmedia":[{"embeddable":true,"href":"https:\/\/obispadodezaratecampana.org\/index.php?rest_route=\/wp\/v2\/media\/4833"}],"wp:attachment":[{"href":"https:\/\/obispadodezaratecampana.org\/index.php?rest_route=%2Fwp%2Fv2%2Fmedia&parent=4832"}],"wp:term":[{"taxonomy":"category","embeddable":true,"href":"https:\/\/obispadodezaratecampana.org\/index.php?rest_route=%2Fwp%2Fv2%2Fcategories&post=4832"},{"taxonomy":"post_tag","embeddable":true,"href":"https:\/\/obispadodezaratecampana.org\/index.php?rest_route=%2Fwp%2Fv2%2Ftags&post=4832"}],"curies":[{"name":"wp","href":"https:\/\/api.w.org\/{rel}","templated":true}]}}