{"id":4813,"date":"2014-03-26T20:55:23","date_gmt":"2014-03-26T23:55:23","guid":{"rendered":"http:\/\/obispadodezaratecampana.org\/?p=4813"},"modified":"2014-03-26T20:55:23","modified_gmt":"2014-03-26T23:55:23","slug":"dios-nos-salva-en-nuestras-equivocaciones-no-en-nuestras-seguridades","status":"publish","type":"post","link":"https:\/\/obispadodezaratecampana.org\/?p=4813","title":{"rendered":"Dios nos salva en nuestras equivocaciones, no en nuestras seguridades"},"content":{"rendered":"<p>2014-03-25 Radio Vaticana -No nos salva nuestra seguridad de observar los mandamientos, sino la humildad de tener siempre necesidad de ser curados por Dios: es cuanto, en s\u00edntesis, afirm\u00f3 esta ma\u00f1ana el Papa Francisco en su homil\u00eda de la Misa presidida en la Capilla de la Casa de Santa Marta.<\/p>\n<p>\u201cNing\u00fan profeta es bien aceptado en su patria\u201d: la homil\u00eda del Papa comenz\u00f3 con estas palabras de Jes\u00fas dirigidas a sus coterr\u00e1neos, los habitantes de Nazaret, ante los cuales no pudo hacer milagros, porque \u201cno ten\u00edan fe\u201d. Jes\u00fas les recuerda dos episodios b\u00edblicos: el milagro de la curaci\u00f3n de la lepra de Naam\u00e1n el Sirio, en tiempos del profeta Eliseo, y el encuentro del profeta El\u00edas con la viuda de Sarepta de Sid\u00f3n, quien fue salvada de la carest\u00eda.<br \/>\n\u201cLos leprosos y las viudas \u2013 explic\u00f3 el Papa Francisco \u2013 en aquel tiempo eran marginados\u201d. Y sin embargo, estos dos marginados, acogiendo a los profetas, fueron salvados. En cambio, los nazarenos no aceptan a Jes\u00fas porque \u201cestaban tan seguros en su \u2018fe\u2019, tan seguros en su observancia de los mandamientos, que no ten\u00edan necesidad de otra salvaci\u00f3n\u201d:<br \/>\n\u201cEs el drama de la observancia de los mandamientos sin fe: \u2018Yo me salvo solo, porque voy a la sinagoga todos los s\u00e1bados, trato de obedecer a los mandamientos, \u00a1pero que \u00e9ste no venga a decirme que eran mejor que yo aquel leproso y aquella viuda!\u2019. \u00a1Esos eran marginados! Y Jes\u00fas nos dice: \u2018Pero, mira, si t\u00fa no te marginas, no te sientes en el margen, no tendr\u00e1s salvaci\u00f3n\u2019. \u00c9sta es la humildad, el camino de la humildad: sentirse tan marginados que tenemos necesidad de la salvaci\u00f3n del Se\u00f1or. S\u00f3lo \u00c9l salva, no nuestra observancia de los preceptos. Y esto no gust\u00f3, se enojaron y quer\u00edan matarlo\u201d.<br \/>\nLa misma rabia \u2013 coment\u00f3 el Papa \u2013 afecta, inicialmente, tambi\u00e9n a Naam\u00e1n, porque considera rid\u00edculo y humillante la invitaci\u00f3n de Eliseo de ba\u00f1arse siete veces en el r\u00edo Jord\u00e1n para quedar curado de la lepra. \u201cEl Se\u00f1or le pide un gesto de humildad, que obedezca como un ni\u00f1o, que haga el rid\u00edculo\u201d. Se va desde\u00f1ado, pero despu\u00e9s, convencido por sus siervos, vuelve y hace cuanto le dijo el profeta. Aquel acto de humildad lo cura. \u201cEs \u00e9ste el mensaje de hoy, en esta tercera semana de Cuaresma\u201d \u2013 afirm\u00f3 el Papa \u2013 y se\u00f1al\u00f3 que si queremos ser salvados, \u201cdebemos elegir el camino de la humildad\u201d:<br \/>\n\u201cMar\u00eda en su C\u00e1ntico no dice que est\u00e1 contenta porque Dios ha mirado su virginidad, su bondad y su dulzura, tantas virtudes que ella ten\u00eda. No. Sino porque el Se\u00f1or ha mirado la humildad de su sierva, su peque\u00f1ez, su humildad. Es lo que mira el Se\u00f1or. Y debemos aprender esta sabidur\u00eda de marginarnos, para que el Se\u00f1or nos encuentre. No nos encontrar\u00e1 en el centro de nuestras seguridades, no, no. All\u00ed no va el Se\u00f1or. Nos encontrar\u00e1 en la marginaci\u00f3n, en nuestros pecados, en nuestras equivocaciones, en nuestras necesidades de ser curados espiritualmente, de ser salvados; all\u00ed nos encontrar\u00e1 el Se\u00f1or\u201d.<br \/>\n\u201cEs \u00e9ste \u2013 reafirm\u00f3 Francisco \u2013 el camino de la humildad\u201d:<br \/>\n\u201cLa humildad cristiana no es la virtud de decir: \u2018Pero, yo no sirvo para nada\u2019 y esconder la soberbia all\u00ed, \u00a1no, no! La humildad cristiana es decir la verdad: \u2018Soy pecador, soy pecadora\u2019. Decir la verdad: es \u00e9sta nuestra verdad. Pero hay otra: Dios nos salva. Pero nos salva all\u00e1, cuando nosotros somos marginados; no nos salva en nuestra seguridad. Pidamos la gracia de tener esta sabidur\u00eda de marginarnos, la gracia de la humildad para recibir la salvaci\u00f3n del Se\u00f1or\u201d.<\/p>\n<!-- AddThis Advanced Settings generic via filter on the_content --><!-- AddThis Share Buttons generic via filter on the_content -->","protected":false},"excerpt":{"rendered":"<p>2014-03-25 Radio Vaticana -No nos salva nuestra seguridad de observar los mandamientos, sino la humildad de tener siempre necesidad de ser curados por Dios: es [&hellip;]<!-- AddThis Advanced Settings generic via filter on get_the_excerpt --><!-- AddThis Share Buttons generic via filter on get_the_excerpt --><\/p>\n","protected":false},"author":2,"featured_media":4814,"comment_status":"open","ping_status":"closed","sticky":false,"template":"","format":"standard","meta":{"footnotes":""},"categories":[161],"tags":[],"class_list":["post-4813","post","type-post","status-publish","format-standard","has-post-thumbnail","hentry","category-el-papa-leonxiv"],"_links":{"self":[{"href":"https:\/\/obispadodezaratecampana.org\/index.php?rest_route=\/wp\/v2\/posts\/4813","targetHints":{"allow":["GET"]}}],"collection":[{"href":"https:\/\/obispadodezaratecampana.org\/index.php?rest_route=\/wp\/v2\/posts"}],"about":[{"href":"https:\/\/obispadodezaratecampana.org\/index.php?rest_route=\/wp\/v2\/types\/post"}],"author":[{"embeddable":true,"href":"https:\/\/obispadodezaratecampana.org\/index.php?rest_route=\/wp\/v2\/users\/2"}],"replies":[{"embeddable":true,"href":"https:\/\/obispadodezaratecampana.org\/index.php?rest_route=%2Fwp%2Fv2%2Fcomments&post=4813"}],"version-history":[{"count":1,"href":"https:\/\/obispadodezaratecampana.org\/index.php?rest_route=\/wp\/v2\/posts\/4813\/revisions"}],"predecessor-version":[{"id":4815,"href":"https:\/\/obispadodezaratecampana.org\/index.php?rest_route=\/wp\/v2\/posts\/4813\/revisions\/4815"}],"wp:featuredmedia":[{"embeddable":true,"href":"https:\/\/obispadodezaratecampana.org\/index.php?rest_route=\/wp\/v2\/media\/4814"}],"wp:attachment":[{"href":"https:\/\/obispadodezaratecampana.org\/index.php?rest_route=%2Fwp%2Fv2%2Fmedia&parent=4813"}],"wp:term":[{"taxonomy":"category","embeddable":true,"href":"https:\/\/obispadodezaratecampana.org\/index.php?rest_route=%2Fwp%2Fv2%2Fcategories&post=4813"},{"taxonomy":"post_tag","embeddable":true,"href":"https:\/\/obispadodezaratecampana.org\/index.php?rest_route=%2Fwp%2Fv2%2Ftags&post=4813"}],"curies":[{"name":"wp","href":"https:\/\/api.w.org\/{rel}","templated":true}]}}