{"id":4777,"date":"2014-03-23T16:02:27","date_gmt":"2014-03-23T19:02:27","guid":{"rendered":"http:\/\/obispadodezaratecampana.org\/?p=4777"},"modified":"2014-03-23T16:02:27","modified_gmt":"2014-03-23T19:02:27","slug":"grupo-de-jovenes-en-garin-escobar","status":"publish","type":"post","link":"https:\/\/obispadodezaratecampana.org\/?p=4777","title":{"rendered":"Grupo de J\u00f3venes en Garin &#8211; Escobar"},"content":{"rendered":"<p>Les retransmitimos esta invitaci\u00f3n para participar en el grupo de jovenes de la Pquia. Santa Teresa de Jesus <a title=\"teresa\" href=\"https:\/\/www.facebook.com\/parroquia.santateresadejesus.14\">https:\/\/www.facebook.com\/parroquia.santateresadejesus.14<\/a>:<\/p>\n<p><em>QUERIDOS J\u00d3VENES LOS INVITAMOS A PARTICIPAR DEL GRUPO DE KOINONIAS DE J\u00d3VENES DISC\u00cdPULOS (viernes a las 18 hs)<\/em><\/p>\n<p><em>MENSAJE CLAVE DEL PAPA FRANCISCO A LOS J\u00d3VENES<\/em><br \/>\n<em>&#8220;Pon a Cristo&#8221; en tu vida. En estos d\u00edas, \u00c9l te espera en su Palabra; esc\u00fachalo con atenci\u00f3n y su presencia enardecer\u00e1 tu coraz\u00f3n. &#8220;Pon a Cristo&#8221;: \u00c9l te acoge en el Sacramento del perd\u00f3n, para curar, con su misericordia, las heridas del pecado. No tengas miedo de pedir perd\u00f3n. \u00c9l no se cansa nunca de perdonarnos, como un padre que nos ama. \u00a1Dios es pura misericordia! &#8220;Pon a Cristo&#8221;: \u00c9l te espera en el encuentro con su Carne en la Eucarist\u00eda, Sacramento de su presencia, de su sacrificio de amor, y en la humanidad de tantos j\u00f3venes que te enriquecer\u00e1n con su amistad, te animar\u00e1n con su testimonio de fe, te ense\u00f1ar\u00e1n el lenguaje de la caridad, de la bondad, del servicio. Tambi\u00e9n t\u00fa, querido joven, querida joven, puedes ser un testigo gozoso de su amor, un testigo entusiasta de su Evangelio para llevar un poco de luz a este mundo nuestro&#8221;.<\/em><br \/>\n<em>Papa Francisco<\/em><\/p>\n<!-- AddThis Advanced Settings generic via filter on the_content --><!-- AddThis Share Buttons generic via filter on the_content -->","protected":false},"excerpt":{"rendered":"<p>Les retransmitimos esta invitaci\u00f3n para participar en el grupo de jovenes de la Pquia. Santa Teresa de Jesus https:\/\/www.facebook.com\/parroquia.santateresadejesus.14: QUERIDOS J\u00d3VENES LOS INVITAMOS A PARTICIPAR [&hellip;]<!-- AddThis Advanced Settings generic via filter on get_the_excerpt --><!-- AddThis Share Buttons generic via filter on get_the_excerpt --><\/p>\n","protected":false},"author":2,"featured_media":4778,"comment_status":"open","ping_status":"closed","sticky":false,"template":"","format":"standard","meta":{"footnotes":""},"categories":[3],"tags":[],"class_list":["post-4777","post","type-post","status-publish","format-standard","has-post-thumbnail","hentry","category-noticiasparroquiales"],"_links":{"self":[{"href":"https:\/\/obispadodezaratecampana.org\/index.php?rest_route=\/wp\/v2\/posts\/4777","targetHints":{"allow":["GET"]}}],"collection":[{"href":"https:\/\/obispadodezaratecampana.org\/index.php?rest_route=\/wp\/v2\/posts"}],"about":[{"href":"https:\/\/obispadodezaratecampana.org\/index.php?rest_route=\/wp\/v2\/types\/post"}],"author":[{"embeddable":true,"href":"https:\/\/obispadodezaratecampana.org\/index.php?rest_route=\/wp\/v2\/users\/2"}],"replies":[{"embeddable":true,"href":"https:\/\/obispadodezaratecampana.org\/index.php?rest_route=%2Fwp%2Fv2%2Fcomments&post=4777"}],"version-history":[{"count":1,"href":"https:\/\/obispadodezaratecampana.org\/index.php?rest_route=\/wp\/v2\/posts\/4777\/revisions"}],"predecessor-version":[{"id":4780,"href":"https:\/\/obispadodezaratecampana.org\/index.php?rest_route=\/wp\/v2\/posts\/4777\/revisions\/4780"}],"wp:featuredmedia":[{"embeddable":true,"href":"https:\/\/obispadodezaratecampana.org\/index.php?rest_route=\/wp\/v2\/media\/4778"}],"wp:attachment":[{"href":"https:\/\/obispadodezaratecampana.org\/index.php?rest_route=%2Fwp%2Fv2%2Fmedia&parent=4777"}],"wp:term":[{"taxonomy":"category","embeddable":true,"href":"https:\/\/obispadodezaratecampana.org\/index.php?rest_route=%2Fwp%2Fv2%2Fcategories&post=4777"},{"taxonomy":"post_tag","embeddable":true,"href":"https:\/\/obispadodezaratecampana.org\/index.php?rest_route=%2Fwp%2Fv2%2Ftags&post=4777"}],"curies":[{"name":"wp","href":"https:\/\/api.w.org\/{rel}","templated":true}]}}