{"id":4761,"date":"2014-03-23T15:32:02","date_gmt":"2014-03-23T18:32:02","guid":{"rendered":"http:\/\/obispadodezaratecampana.org\/?p=4761"},"modified":"2014-03-23T15:44:15","modified_gmt":"2014-03-23T18:44:15","slug":"festejos-del-dia-de-san-jose-en-garin-escobar","status":"publish","type":"post","link":"https:\/\/obispadodezaratecampana.org\/?p=4761","title":{"rendered":"Festejos del d\u00eda de San Jos\u00e9 en Gar\u00edn &#8211; Escobar"},"content":{"rendered":"<p>El mi\u00e9rcoles 19 de marzo nuestro Obispo Oscar, celebr\u00f3 la Fiesta de San Jose , en Gar\u00edn (Escobar) junto a la Comunidad de la Capilla San Jose, que se encuentra en la jurisdicci\u00f3n de la Pquia. Santa Teresa Jesus. Estuvieron presentes fieles de esta parroquia y de\u00a0las comunidades pertenecientes a la misma asi como tambien el padre Juan de Dios y otros miembros de la congregaci\u00f3n de los Disc\u00edpulos de Jesus.<\/p>\n<p>Les compartimos algunas im\u00e1genes de la procesi\u00f3n y de la capilla con sus asistentes.<\/p>\n<p>&nbsp;<\/p>\n<!-- AddThis Advanced Settings generic via filter on the_content --><!-- AddThis Share Buttons generic via filter on the_content -->","protected":false},"excerpt":{"rendered":"<p>El mi\u00e9rcoles 19 de marzo nuestro Obispo Oscar, celebr\u00f3 la Fiesta de San Jose , en Gar\u00edn (Escobar) junto a la Comunidad de la Capilla [&hellip;]<!-- AddThis Advanced Settings generic via filter on get_the_excerpt --><!-- AddThis Share Buttons generic via filter on get_the_excerpt --><\/p>\n","protected":false},"author":2,"featured_media":4765,"comment_status":"open","ping_status":"closed","sticky":false,"template":"","format":"standard","meta":{"footnotes":""},"categories":[3],"tags":[],"class_list":["post-4761","post","type-post","status-publish","format-standard","has-post-thumbnail","hentry","category-noticiasparroquiales"],"_links":{"self":[{"href":"https:\/\/obispadodezaratecampana.org\/index.php?rest_route=\/wp\/v2\/posts\/4761","targetHints":{"allow":["GET"]}}],"collection":[{"href":"https:\/\/obispadodezaratecampana.org\/index.php?rest_route=\/wp\/v2\/posts"}],"about":[{"href":"https:\/\/obispadodezaratecampana.org\/index.php?rest_route=\/wp\/v2\/types\/post"}],"author":[{"embeddable":true,"href":"https:\/\/obispadodezaratecampana.org\/index.php?rest_route=\/wp\/v2\/users\/2"}],"replies":[{"embeddable":true,"href":"https:\/\/obispadodezaratecampana.org\/index.php?rest_route=%2Fwp%2Fv2%2Fcomments&post=4761"}],"version-history":[{"count":1,"href":"https:\/\/obispadodezaratecampana.org\/index.php?rest_route=\/wp\/v2\/posts\/4761\/revisions"}],"predecessor-version":[{"id":4776,"href":"https:\/\/obispadodezaratecampana.org\/index.php?rest_route=\/wp\/v2\/posts\/4761\/revisions\/4776"}],"wp:featuredmedia":[{"embeddable":true,"href":"https:\/\/obispadodezaratecampana.org\/index.php?rest_route=\/wp\/v2\/media\/4765"}],"wp:attachment":[{"href":"https:\/\/obispadodezaratecampana.org\/index.php?rest_route=%2Fwp%2Fv2%2Fmedia&parent=4761"}],"wp:term":[{"taxonomy":"category","embeddable":true,"href":"https:\/\/obispadodezaratecampana.org\/index.php?rest_route=%2Fwp%2Fv2%2Fcategories&post=4761"},{"taxonomy":"post_tag","embeddable":true,"href":"https:\/\/obispadodezaratecampana.org\/index.php?rest_route=%2Fwp%2Fv2%2Ftags&post=4761"}],"curies":[{"name":"wp","href":"https:\/\/api.w.org\/{rel}","templated":true}]}}