{"id":4758,"date":"2014-03-23T14:58:17","date_gmt":"2014-03-23T17:58:17","guid":{"rendered":"http:\/\/obispadodezaratecampana.org\/?p=4758"},"modified":"2014-03-23T14:58:17","modified_gmt":"2014-03-23T17:58:17","slug":"procesion-y-misa-de-san-jose-en-villa-lia-san-antonio-de-areco","status":"publish","type":"post","link":"https:\/\/obispadodezaratecampana.org\/?p=4758","title":{"rendered":"Procesi\u00f3n y Misa de San Jos\u00e9 en Villa L\u00eda &#8211; San Antonio de Areco."},"content":{"rendered":"<p>El s\u00e1bado 22 de marzo tuvo lugar la celebraci\u00f3n de las fiestas patronales (trasladadas del 19 de marzo) de San Jos\u00e9, en Villa L\u00eda.<\/p>\n<p>La procesi\u00f3n comenz\u00f3 a las 17:00 hs \u00a0en punto, con la imagen\u00a0del Glorioso Patriarca San Jos\u00e9, y numerosos fieles entre los cuales familias y ni\u00f1os de la IAM (Infancia y adolescencia Misionera). Estuvieron presentes: \u00a0nuestro Obispo Oscar, el Pbro. Santiago Whelan -cura p\u00e1rroco-, el P. Hugo Lovatto, Mons. Roberto Amondar\u00e1in y algunos seminaristas que comenzaron \u00a0en San Antonio de Areco la &#8220;misi\u00f3n de fin de semana&#8221; que se desarrollar\u00e1 durante el a\u00f1o.<\/p>\n<p>La Misa fue celebrada a cielo abierto, en el predio adyacente a la capilla de San Jos\u00e9, y presidida por Mons. Oscar Sarlinga.<\/p>\n<p>El pueblo se prepar\u00f3 con diversos actos, que tienen lugar el s\u00e1bado y el domingo, cuyo programa figura en medios on line, como por ejemplo en\u00a0<a title=\"areco\" href=\"http:\/\/www.arecosemanal.com.ar\/noticias\/83823\/Un-clasico-de-Areco-Fiestas-patronales-en-Villa-Lia-este-fin-de-semana\">http:\/\/www.arecosemanal.com.ar\/noticias\/83823\/Un-clasico-de-Areco-Fiestas-patronales-en-Villa-Lia-este-fin-de-semana<\/a><\/p>\n<!-- AddThis Advanced Settings generic via filter on the_content --><!-- AddThis Share Buttons generic via filter on the_content -->","protected":false},"excerpt":{"rendered":"<p>El s\u00e1bado 22 de marzo tuvo lugar la celebraci\u00f3n de las fiestas patronales (trasladadas del 19 de marzo) de San Jos\u00e9, en Villa L\u00eda. La [&hellip;]<!-- AddThis Advanced Settings generic via filter on get_the_excerpt --><!-- AddThis Share Buttons generic via filter on get_the_excerpt --><\/p>\n","protected":false},"author":2,"featured_media":4759,"comment_status":"open","ping_status":"closed","sticky":false,"template":"","format":"standard","meta":{"footnotes":""},"categories":[3],"tags":[],"class_list":["post-4758","post","type-post","status-publish","format-standard","has-post-thumbnail","hentry","category-noticiasparroquiales"],"_links":{"self":[{"href":"https:\/\/obispadodezaratecampana.org\/index.php?rest_route=\/wp\/v2\/posts\/4758","targetHints":{"allow":["GET"]}}],"collection":[{"href":"https:\/\/obispadodezaratecampana.org\/index.php?rest_route=\/wp\/v2\/posts"}],"about":[{"href":"https:\/\/obispadodezaratecampana.org\/index.php?rest_route=\/wp\/v2\/types\/post"}],"author":[{"embeddable":true,"href":"https:\/\/obispadodezaratecampana.org\/index.php?rest_route=\/wp\/v2\/users\/2"}],"replies":[{"embeddable":true,"href":"https:\/\/obispadodezaratecampana.org\/index.php?rest_route=%2Fwp%2Fv2%2Fcomments&post=4758"}],"version-history":[{"count":1,"href":"https:\/\/obispadodezaratecampana.org\/index.php?rest_route=\/wp\/v2\/posts\/4758\/revisions"}],"predecessor-version":[{"id":4760,"href":"https:\/\/obispadodezaratecampana.org\/index.php?rest_route=\/wp\/v2\/posts\/4758\/revisions\/4760"}],"wp:featuredmedia":[{"embeddable":true,"href":"https:\/\/obispadodezaratecampana.org\/index.php?rest_route=\/wp\/v2\/media\/4759"}],"wp:attachment":[{"href":"https:\/\/obispadodezaratecampana.org\/index.php?rest_route=%2Fwp%2Fv2%2Fmedia&parent=4758"}],"wp:term":[{"taxonomy":"category","embeddable":true,"href":"https:\/\/obispadodezaratecampana.org\/index.php?rest_route=%2Fwp%2Fv2%2Fcategories&post=4758"},{"taxonomy":"post_tag","embeddable":true,"href":"https:\/\/obispadodezaratecampana.org\/index.php?rest_route=%2Fwp%2Fv2%2Ftags&post=4758"}],"curies":[{"name":"wp","href":"https:\/\/api.w.org\/{rel}","templated":true}]}}