{"id":4747,"date":"2014-03-23T13:30:13","date_gmt":"2014-03-23T16:30:13","guid":{"rendered":"http:\/\/obispadodezaratecampana.org\/?p=4747"},"modified":"2014-03-23T13:30:13","modified_gmt":"2014-03-23T16:30:13","slug":"tercer-domingo-de-adviento-angelus-francisco","status":"publish","type":"post","link":"https:\/\/obispadodezaratecampana.org\/?p=4747","title":{"rendered":"Tercer Domingo de Adviento &#8211; Angelus Francisco"},"content":{"rendered":"<p>2014-03-23\u00a0En otro domingo lluvioso Francisco Papa rez\u00f3 el \u00c1ngelus con miles de fieles y peregrinos en la plaza de San Pedro. Se refiri\u00f3 al Evangelio que refiere el encuentro de Jes\u00fas con la Samaritana. Jes\u00fas pide a la samaritana que le de beber. Con esto \u201csupera las barreras de hostilidad&#8230; y rompe los esquemas del prejuicio frente a las mujeres\u201d. \u201cAquella de Jes\u00fas era una sed no tanto de agua, sino de un alma sedienta&#8230; Le pide de beber para poner en evidencia la sed que hab\u00eda en ella misma&#8221;.<br \/>\nDespu\u00e9s de la oraci\u00f3n del \u00c1ngelus el Papa invit\u00f3 a pedir por todas las personas golpeadas por la tuberculosis y por cuantos las sostienen de diversos modos y exhort\u00f3 a participar el pr\u00f3ximo viernes y s\u00e1bado en la celebraci\u00f3n penitencial que se realizar\u00e1 en muchas di\u00f3cesis y parroquias del mundo. \u201cSer\u00e1 una fiesta del perd\u00f3n\u201d.<\/p>\n<p><strong>Palabras del Papa<\/strong><\/p>\n<p><em>Queridos hermanos y hermanas, \u00a1buenos d\u00edas!<\/em><br \/>\n<em>el Evangelio de hoy nos presenta el encuentro de Jes\u00fas con la mujer samaritana, sucedido en Sicar, junto a un antiguo pozo donde la mujer iba cada d\u00eda, para sacar agua. Aquel d\u00eda se encontr\u00f3 a Jes\u00fas, sentado, \u201cfatigado por el viaje\u201d (Juan 4, 6). El inmediatamente le dice, \u201cdame de beber\u201d (v 7, 7). De este modo supera las barreras de hostilidad, que exist\u00edan entre jud\u00edos y samaritanos y rompe los esquemas del prejuicio en frente a las mujeres. El simple pedido de Jes\u00fas es el inicio de un dialogo sincero, mediante el cual \u00c9l, con gran delicadeza, entra en el mundo interior de una persona a la cual, seg\u00fan los esquemas sociales, no tendr\u00eda ni si quiera que haberle dirigido la palabra. Pero Jes\u00fas lo hace, eh? Jes\u00fas no tiene miedo. Jes\u00fas cuando ve una persona va adelante porque ama, nos ama a todos, no pasa de largo jam\u00e1s ante una persona por prejuicios. Jes\u00fas pone a la samaritana frente a su realidad, no juzg\u00e1ndola sino haci\u00e9ndola sentir considerada, reconocida, y suscitando as\u00ed en ella el deseo de ir m\u00e1s all\u00e1 de la rutina cotidiana.<\/em><br \/>\n<em>Aquella de Jes\u00fas era una sed no tanto de agua, sino de encontrar un alma sedienta. Jes\u00fas ten\u00eda necesidad de encontrar a la samaritana para abrirle el coraz\u00f3n: le pide de beber para poner en evidencia la sed que hab\u00eda en ella misma. La mujer queda tocada por este encuentro: dirige a Jes\u00fas aquellas preguntas profundas que todos tenemos dentro, pero que muchas veces ignoramos.<\/em><br \/>\n<em>Queridos hermanos y hermanas, \u00a1tambi\u00e9n nosotros tenemos tantas preguntas para hacer, pero no encontramos el coraje de dirigirlas a Jes\u00fas! La Cuaresma es el tiempo oportuno para mirarse dentro, para hacer surgir nuestros deseos espirituales m\u00e1s verdaderos y pedir la ayuda del Se\u00f1or en la oraci\u00f3n. El ejemplo de la samaritana nos invita a expresarnos as\u00ed: \u201c Jes\u00fas dame de esa agua as\u00ed no tendr\u00e9 m\u00e1s sed\u201d.<\/em><br \/>\n<em>El evangelio dice que los disc\u00edpulos quedaron maravillados de que su maestro hablara con esa mujer. Pero el Se\u00f1or es m\u00e1s grande que los prejuicios, por eso no tiene temor de detenerse con la samaritana: la misericordia es m\u00e1s grande que el prejuicio. La misericordia es m\u00e1s grande que el prejuicio, esto tenemos que aprenderlo bien, eh? La misericordia es m\u00e1s grande que el prejuicio y Jes\u00fas es tan misericordioso, tanto. El resultado de aquel encuentro junto al pozo fue que la mujer fue transformada: \u201cdej\u00f3 su c\u00e1ntaro\u201d (v 28) y corre a la ciudad a contar su experiencia extraordinaria. He encontrado un hombre que me ha dicho todas la cosas que yo he hecho, quiz\u00e1s es el Mes\u00edas. \u00a1Estaba entusiasmada! Hab\u00eda ido a buscar agua del pozo, y ha encontrado otra agua, el agua viva de la misericordia que salta hasta la vida eterna. \u00a1Ha encontrado el agua que buscaba desde siempre!, corre al pueblo, aquel pueblo que la juzgaba y la rechazaba, y anuncia que ha encontrado al Mes\u00edas: uno que le ha cambiado la vida. Porque cada encuentro con Jes\u00fas, nos cambia la vida, siempre un paso m\u00e1s adelante, un paso m\u00e1s cerca de Dios. Y as\u00ed cada encuentro con Jes\u00fas nos cambia la vida. Siempre, eh? \u00a1Siempre es as\u00ed!<\/em><br \/>\n<em>En este evangelio encontramos tambi\u00e9n nosotros el est\u00edmulo para \u201cdejar nuestro c\u00e1ntaro\u201d, s\u00edmbolo de todo lo que aparentemente es importante, pero que pierde valor frente al \u201camor de Dios\u201d. Todos tenemos uno, todos tenemos uno o m\u00e1s de uno eh? Yo les pregunto a ustedes, tambi\u00e9n a m\u00ed: cu\u00e1l es tu c\u00e1ntaro interior, aquel que te pesa, aquel que te aleja de Dios? Dej\u00e9moslo un poco aparte y con el coraz\u00f3n sintamos la voz de Jes\u00fas que nos ofrece otra agua, otra agua que nos acerca al Se\u00f1or. Estamos llamados a redescubrir la importancia y el sentido de nuestra vida cristiana, iniciada en el bautismo y como la samaritana, ha dar testimonio a nuestros hermanos de la alegr\u00eda del encuentro con Jes\u00fas; testimoniar la alegr\u00eda del encuentro.<\/em><br \/>\n<em>Cada encuentro con Jes\u00fas nos cambia la vida. Tambi\u00e9n cada encuentro con Jes\u00fas nos llena de alegr\u00eda, aquella alegr\u00eda interior que nos viene. Y as\u00ed el Se\u00f1or hace estas cosas maravillosas. El Se\u00f1or sabe actuar en nuestro coraz\u00f3n cuando nosotros somos valientes y dejamos aparte nuestro c\u00e1ntaro.<\/em><br \/>\n<em>Despu\u00e9s de la oraci\u00f3n mariana el Santo Padre a\u00f1adi\u00f3:<\/em><br \/>\n<em>Queridos hermanos y hermanas,<\/em><br \/>\n<em>Ma\u00f1ana se celebra la Jornada Mundial de la Tuberculosis: recemos por todas las personas afectadas por esta enfermedad, y por todos ellos que en diverso modo les apoyan.<\/em><br \/>\n<em>Viernes y s\u00e1bado pr\u00f3ximos viviremos un momento especial penitencial, llamado \u201c24 horas para el Se\u00f1or\u201d. Iniciar\u00e1 con la Celebraci\u00f3n en la Bas\u00edlica de San Pedro, el viernes por la tarde, despu\u00e9s en la noche algunas iglesias del centro de Roma estar\u00e1n abiertas para rezar y para las confesiones. Ser\u00e1 una fiesta del perd\u00f3n, que tendr\u00e1 lugar tambi\u00e9n en muchas di\u00f3cesis y parroquias del mundo.<\/em><br \/>\n<em>Y ahora les saludo a todos de coraz\u00f3n, fieles de Roma y peregrinos de tantos pa\u00edses, en particular aquellos de Zagreb y Zadara en Croacia, y de Bocholt en Alemania; el colegio \u201cCapitanio\u201d de Seto_Shi, en Jap\u00f3n, los estudiantes del Illinois (EEUU de America) y aquellos de Ferrol, Espa\u00f1a.<\/em><br \/>\n<em>Saludo a la comunidad del Pontificio Colegio Alem\u00e1n-H\u00fangaro, los responsables nacionales de la FUCI, los catequistas venidos por el curso de \u201cArte visual y catequesis\u201d, y los participantes de la convenci\u00f3n titulado \u201cEn el concebido: el rostro de Jes\u00fas\u201d.<\/em><br \/>\n<em>Un saludo a los grupos de fieles de Altamura, Matera, Treviglio, Florencia, Salerno, Venecia, Santa Severina y Verdellino; a los chicos de Cembra y Lavis, y a aquellos de Conversano, a los ni\u00f1os de Vallemare (Pescara); a los scout de Castillo San Pedro; a los estudiantes de Cagliari y de Gioia Tauro; al grupo de chicos de catorce a\u00f1os de Mil\u00e1n.<\/em><br \/>\n<em>Saludo finalmente al Centro de Servicio para el Voluntariado, al c\u00edrculo ACLI de Masate, a la Asociaci\u00f3n Familia Murialdo, de N\u00e1poles; la Polic\u00eda Municipal di Orvieto.<\/em><br \/>\n<em>A todos les deseo un buen domingo y un buen almuerzo. \u00a1Hasta la vista!<\/em><\/p>\n<p>Fuente: www.news.va<\/p>\n<!-- AddThis Advanced Settings generic via filter on the_content --><!-- AddThis Share Buttons generic via filter on the_content -->","protected":false},"excerpt":{"rendered":"<p>2014-03-23\u00a0En otro domingo lluvioso Francisco Papa rez\u00f3 el \u00c1ngelus con miles de fieles y peregrinos en la plaza de San Pedro. Se refiri\u00f3 al Evangelio [&hellip;]<!-- AddThis Advanced Settings generic via filter on get_the_excerpt --><!-- AddThis Share Buttons generic via filter on get_the_excerpt --><\/p>\n","protected":false},"author":2,"featured_media":4748,"comment_status":"open","ping_status":"closed","sticky":false,"template":"","format":"standard","meta":{"footnotes":""},"categories":[161],"tags":[],"class_list":["post-4747","post","type-post","status-publish","format-standard","has-post-thumbnail","hentry","category-el-papa-leonxiv"],"_links":{"self":[{"href":"https:\/\/obispadodezaratecampana.org\/index.php?rest_route=\/wp\/v2\/posts\/4747","targetHints":{"allow":["GET"]}}],"collection":[{"href":"https:\/\/obispadodezaratecampana.org\/index.php?rest_route=\/wp\/v2\/posts"}],"about":[{"href":"https:\/\/obispadodezaratecampana.org\/index.php?rest_route=\/wp\/v2\/types\/post"}],"author":[{"embeddable":true,"href":"https:\/\/obispadodezaratecampana.org\/index.php?rest_route=\/wp\/v2\/users\/2"}],"replies":[{"embeddable":true,"href":"https:\/\/obispadodezaratecampana.org\/index.php?rest_route=%2Fwp%2Fv2%2Fcomments&post=4747"}],"version-history":[{"count":1,"href":"https:\/\/obispadodezaratecampana.org\/index.php?rest_route=\/wp\/v2\/posts\/4747\/revisions"}],"predecessor-version":[{"id":4749,"href":"https:\/\/obispadodezaratecampana.org\/index.php?rest_route=\/wp\/v2\/posts\/4747\/revisions\/4749"}],"wp:featuredmedia":[{"embeddable":true,"href":"https:\/\/obispadodezaratecampana.org\/index.php?rest_route=\/wp\/v2\/media\/4748"}],"wp:attachment":[{"href":"https:\/\/obispadodezaratecampana.org\/index.php?rest_route=%2Fwp%2Fv2%2Fmedia&parent=4747"}],"wp:term":[{"taxonomy":"category","embeddable":true,"href":"https:\/\/obispadodezaratecampana.org\/index.php?rest_route=%2Fwp%2Fv2%2Fcategories&post=4747"},{"taxonomy":"post_tag","embeddable":true,"href":"https:\/\/obispadodezaratecampana.org\/index.php?rest_route=%2Fwp%2Fv2%2Ftags&post=4747"}],"curies":[{"name":"wp","href":"https:\/\/api.w.org\/{rel}","templated":true}]}}