{"id":4738,"date":"2014-03-22T09:46:52","date_gmt":"2014-03-22T12:46:52","guid":{"rendered":"http:\/\/obispadodezaratecampana.org\/?p=4738"},"modified":"2014-03-22T09:46:52","modified_gmt":"2014-03-22T12:46:52","slug":"francisco-a-los-papas-sean-como-san-jose-caminen-cerca-de-sus-hijos","status":"publish","type":"post","link":"https:\/\/obispadodezaratecampana.org\/?p=4738","title":{"rendered":"FRANCISCO A LOS PAP\u00c1S: SEAN COMO SAN JOS\u00c9, CAMINEN CERCA DE SUS HIJOS"},"content":{"rendered":"<p>Ciudad del Vaticano, 19 marzo 2014 .- \u201cSan Jos\u00e9 Educador\u201d, ha sido el tema de la catequesis de la audiencia general de hoy mi\u00e9rcoles, fiesta de San Jos\u00e9, esposo de Mar\u00eda y Patr\u00f3n de la Iglesia Universal. El Santo Padre ha recordado la gran misi\u00f3n del Santo que \u201cfue capaz de custodiar a la Virgen Santa y al Hijo Jes\u00fas\u201d.<\/p>\n<p>\u201cEchemos un vistazo a Jos\u00e9 como el modelo del educador, que custodia y acompa\u00f1a a Jes\u00fas en su camino de crecimiento \u201cen sabidur\u00eda, edad y gracia\u201d, como dice el Evangelio -ha dicho-. \u00c9l no era el padre de Jes\u00fas: el padre de Jes\u00fas era Dios, pero \u00e9l hac\u00eda de pap\u00e1 de Jes\u00fas, hac\u00eda las funciones de padre para ayudarle a crecer. Y \u00bfc\u00f3mo lo ha criado? En sabidur\u00eda, edad y gracia&#8230; preocup\u00e1ndose de que no le faltara nada para un desarrollo saludable\u201d.<\/p>\n<p>\u201cLa misi\u00f3n de San Jos\u00e9 -ha continuado-, es sin duda \u00fanica e irrepetible, porque Jes\u00fas es absolutamente \u00fanico. Y sin embargo, en su custodia a Jes\u00fas, educ\u00e1ndole a crecer en edad, sabidur\u00eda y gracia, fue un modelo para todos los educadores, especialmente para cada padre. San Jos\u00e9 es el modelo del educador y del padre\u201d. Con estas palabras Francisco ha felicitado a todos los padres presentes y les ha animado a \u201cestar siempre muy cerca de sus hijos, dej\u00e1ndolos crecer, pero estando muy cerca. Ellos os necesitan, necesitan vuestra presencia, vuestra cercan\u00eda, vuestro amor. Sed para ellos como San Jos\u00e9: custodios de su crecimiento en edad, sabidur\u00eda y gracia. Custodios de su camino, educadores. Caminad con ellos. Con esta cercan\u00eda ser\u00e9is verdaderos educadores\u201d.<\/p>\n<p>Antes de finalizar, el Papa ha recordado a todos los que han perdido a su padre y ha pedido rezar al grande Pap\u00e1 de todos un Padre Nuestro, por los padres que est\u00e1n vivos y por aquellos ya difuntos.<\/p>\n<p>Fuente: Vatican Information Service<\/p>\n<!-- AddThis Advanced Settings generic via filter on the_content --><!-- AddThis Share Buttons generic via filter on the_content -->","protected":false},"excerpt":{"rendered":"<p>Ciudad del Vaticano, 19 marzo 2014 .- \u201cSan Jos\u00e9 Educador\u201d, ha sido el tema de la catequesis de la audiencia general de hoy mi\u00e9rcoles, fiesta [&hellip;]<!-- AddThis Advanced Settings generic via filter on get_the_excerpt --><!-- AddThis Share Buttons generic via filter on get_the_excerpt --><\/p>\n","protected":false},"author":2,"featured_media":4739,"comment_status":"open","ping_status":"closed","sticky":false,"template":"","format":"standard","meta":{"footnotes":""},"categories":[161],"tags":[],"class_list":["post-4738","post","type-post","status-publish","format-standard","has-post-thumbnail","hentry","category-el-papa-leonxiv"],"_links":{"self":[{"href":"https:\/\/obispadodezaratecampana.org\/index.php?rest_route=\/wp\/v2\/posts\/4738","targetHints":{"allow":["GET"]}}],"collection":[{"href":"https:\/\/obispadodezaratecampana.org\/index.php?rest_route=\/wp\/v2\/posts"}],"about":[{"href":"https:\/\/obispadodezaratecampana.org\/index.php?rest_route=\/wp\/v2\/types\/post"}],"author":[{"embeddable":true,"href":"https:\/\/obispadodezaratecampana.org\/index.php?rest_route=\/wp\/v2\/users\/2"}],"replies":[{"embeddable":true,"href":"https:\/\/obispadodezaratecampana.org\/index.php?rest_route=%2Fwp%2Fv2%2Fcomments&post=4738"}],"version-history":[{"count":1,"href":"https:\/\/obispadodezaratecampana.org\/index.php?rest_route=\/wp\/v2\/posts\/4738\/revisions"}],"predecessor-version":[{"id":4740,"href":"https:\/\/obispadodezaratecampana.org\/index.php?rest_route=\/wp\/v2\/posts\/4738\/revisions\/4740"}],"wp:featuredmedia":[{"embeddable":true,"href":"https:\/\/obispadodezaratecampana.org\/index.php?rest_route=\/wp\/v2\/media\/4739"}],"wp:attachment":[{"href":"https:\/\/obispadodezaratecampana.org\/index.php?rest_route=%2Fwp%2Fv2%2Fmedia&parent=4738"}],"wp:term":[{"taxonomy":"category","embeddable":true,"href":"https:\/\/obispadodezaratecampana.org\/index.php?rest_route=%2Fwp%2Fv2%2Fcategories&post=4738"},{"taxonomy":"post_tag","embeddable":true,"href":"https:\/\/obispadodezaratecampana.org\/index.php?rest_route=%2Fwp%2Fv2%2Ftags&post=4738"}],"curies":[{"name":"wp","href":"https:\/\/api.w.org\/{rel}","templated":true}]}}