{"id":4718,"date":"2014-03-22T07:30:54","date_gmt":"2014-03-22T10:30:54","guid":{"rendered":"http:\/\/obispadodezaratecampana.org\/?p=4718"},"modified":"2014-03-22T08:10:03","modified_gmt":"2014-03-22T11:10:03","slug":"anunciacion-de-la-virgen-y-dia-del-nino-por-nacer","status":"publish","type":"post","link":"https:\/\/obispadodezaratecampana.org\/?p=4718","title":{"rendered":"Anunciaci\u00f3n de la Virgen y D\u00eda del ni\u00f1o por nacer"},"content":{"rendered":"<p>El pr\u00f3ximo martes 25 de marzo, es el d\u00eda de la Anunciaci\u00f3n a la Virgen Maria. Tambien se celebr\u00e1 la Jornada del ni\u00f1o por nacer.<\/p>\n<p>En Campana se estar\u00e1n realizando las siguientes actividades:<br \/>\n18:00 hs.: Rosario por la plaza Eduardo Costa, pidiendo a Dios por el respeto a la Vida en todas sus formas.<br \/>\n19:00 hs.: Santa Misa en la Catedral Santa Florentina.<\/p>\n<p>Les compartimos el evento en facebook:<\/p>\n<p><a title=\"vida\" href=\"https:\/\/www.facebook.com\/events\/588311764593406\/\">https:\/\/www.facebook.com\/events\/588311764593406\/<\/a><\/p>\n<!-- AddThis Advanced Settings generic via filter on the_content --><!-- AddThis Share Buttons generic via filter on the_content -->","protected":false},"excerpt":{"rendered":"<p>El pr\u00f3ximo martes 25 de marzo, es el d\u00eda de la Anunciaci\u00f3n a la Virgen Maria. Tambien se celebr\u00e1 la Jornada del ni\u00f1o por nacer. [&hellip;]<!-- AddThis Advanced Settings generic via filter on get_the_excerpt --><!-- AddThis Share Buttons generic via filter on get_the_excerpt --><\/p>\n","protected":false},"author":2,"featured_media":4725,"comment_status":"open","ping_status":"closed","sticky":false,"template":"","format":"standard","meta":{"footnotes":""},"categories":[3],"tags":[],"class_list":["post-4718","post","type-post","status-publish","format-standard","has-post-thumbnail","hentry","category-noticiasparroquiales"],"_links":{"self":[{"href":"https:\/\/obispadodezaratecampana.org\/index.php?rest_route=\/wp\/v2\/posts\/4718","targetHints":{"allow":["GET"]}}],"collection":[{"href":"https:\/\/obispadodezaratecampana.org\/index.php?rest_route=\/wp\/v2\/posts"}],"about":[{"href":"https:\/\/obispadodezaratecampana.org\/index.php?rest_route=\/wp\/v2\/types\/post"}],"author":[{"embeddable":true,"href":"https:\/\/obispadodezaratecampana.org\/index.php?rest_route=\/wp\/v2\/users\/2"}],"replies":[{"embeddable":true,"href":"https:\/\/obispadodezaratecampana.org\/index.php?rest_route=%2Fwp%2Fv2%2Fcomments&post=4718"}],"version-history":[{"count":1,"href":"https:\/\/obispadodezaratecampana.org\/index.php?rest_route=\/wp\/v2\/posts\/4718\/revisions"}],"predecessor-version":[{"id":4720,"href":"https:\/\/obispadodezaratecampana.org\/index.php?rest_route=\/wp\/v2\/posts\/4718\/revisions\/4720"}],"wp:featuredmedia":[{"embeddable":true,"href":"https:\/\/obispadodezaratecampana.org\/index.php?rest_route=\/wp\/v2\/media\/4725"}],"wp:attachment":[{"href":"https:\/\/obispadodezaratecampana.org\/index.php?rest_route=%2Fwp%2Fv2%2Fmedia&parent=4718"}],"wp:term":[{"taxonomy":"category","embeddable":true,"href":"https:\/\/obispadodezaratecampana.org\/index.php?rest_route=%2Fwp%2Fv2%2Fcategories&post=4718"},{"taxonomy":"post_tag","embeddable":true,"href":"https:\/\/obispadodezaratecampana.org\/index.php?rest_route=%2Fwp%2Fv2%2Ftags&post=4718"}],"curies":[{"name":"wp","href":"https:\/\/api.w.org\/{rel}","templated":true}]}}