{"id":4715,"date":"2014-03-22T07:23:51","date_gmt":"2014-03-22T10:23:51","guid":{"rendered":"http:\/\/obispadodezaratecampana.org\/?p=4715"},"modified":"2014-03-22T07:23:51","modified_gmt":"2014-03-22T10:23:51","slug":"sabado-22-de-marzo-fiestas-patronales-en-villa-lia","status":"publish","type":"post","link":"https:\/\/obispadodezaratecampana.org\/?p=4715","title":{"rendered":"S\u00e1bado 22 de marzo: Fiestas Patronales en Villa Lia"},"content":{"rendered":"<p>El s\u00e1bado 22 de marzo se estar\u00e1n celebrando las fiestas patronales de Villa L\u00eda &#8211; partido de San Antonio de Areco.<\/p>\n<p>Asistir\u00e1 nuestro Obispo Monse\u00f1or \u00a0Oscar Sarlinga y el cura p\u00e1rroco de San Antonio de Padua, Pbro. Santiago Whelan.<\/p>\n<p>La misa es a las 17: 00 hs. en la Capilla de Villa L\u00eda.<\/p>\n<!-- AddThis Advanced Settings generic via filter on the_content --><!-- AddThis Share Buttons generic via filter on the_content -->","protected":false},"excerpt":{"rendered":"<p>El s\u00e1bado 22 de marzo se estar\u00e1n celebrando las fiestas patronales de Villa L\u00eda &#8211; partido de San Antonio de Areco. Asistir\u00e1 nuestro Obispo Monse\u00f1or [&hellip;]<!-- AddThis Advanced Settings generic via filter on get_the_excerpt --><!-- AddThis Share Buttons generic via filter on get_the_excerpt --><\/p>\n","protected":false},"author":2,"featured_media":4716,"comment_status":"open","ping_status":"closed","sticky":false,"template":"","format":"standard","meta":{"footnotes":""},"categories":[3],"tags":[],"class_list":["post-4715","post","type-post","status-publish","format-standard","has-post-thumbnail","hentry","category-noticiasparroquiales"],"_links":{"self":[{"href":"https:\/\/obispadodezaratecampana.org\/index.php?rest_route=\/wp\/v2\/posts\/4715","targetHints":{"allow":["GET"]}}],"collection":[{"href":"https:\/\/obispadodezaratecampana.org\/index.php?rest_route=\/wp\/v2\/posts"}],"about":[{"href":"https:\/\/obispadodezaratecampana.org\/index.php?rest_route=\/wp\/v2\/types\/post"}],"author":[{"embeddable":true,"href":"https:\/\/obispadodezaratecampana.org\/index.php?rest_route=\/wp\/v2\/users\/2"}],"replies":[{"embeddable":true,"href":"https:\/\/obispadodezaratecampana.org\/index.php?rest_route=%2Fwp%2Fv2%2Fcomments&post=4715"}],"version-history":[{"count":1,"href":"https:\/\/obispadodezaratecampana.org\/index.php?rest_route=\/wp\/v2\/posts\/4715\/revisions"}],"predecessor-version":[{"id":4717,"href":"https:\/\/obispadodezaratecampana.org\/index.php?rest_route=\/wp\/v2\/posts\/4715\/revisions\/4717"}],"wp:featuredmedia":[{"embeddable":true,"href":"https:\/\/obispadodezaratecampana.org\/index.php?rest_route=\/wp\/v2\/media\/4716"}],"wp:attachment":[{"href":"https:\/\/obispadodezaratecampana.org\/index.php?rest_route=%2Fwp%2Fv2%2Fmedia&parent=4715"}],"wp:term":[{"taxonomy":"category","embeddable":true,"href":"https:\/\/obispadodezaratecampana.org\/index.php?rest_route=%2Fwp%2Fv2%2Fcategories&post=4715"},{"taxonomy":"post_tag","embeddable":true,"href":"https:\/\/obispadodezaratecampana.org\/index.php?rest_route=%2Fwp%2Fv2%2Ftags&post=4715"}],"curies":[{"name":"wp","href":"https:\/\/api.w.org\/{rel}","templated":true}]}}