{"id":4706,"date":"2014-03-18T10:47:16","date_gmt":"2014-03-18T13:47:16","guid":{"rendered":"http:\/\/obispadodezaratecampana.org\/?p=4706"},"modified":"2014-03-18T10:47:16","modified_gmt":"2014-03-18T13:47:16","slug":"quien-soy-yo-para-juzgar","status":"publish","type":"post","link":"https:\/\/obispadodezaratecampana.org\/?p=4706","title":{"rendered":"\u00bfQui\u00e9n soy yo para juzgar?"},"content":{"rendered":"<p>2014-03-17 .\u00a0Perdonar para encontrar misericordia: es el camino que trae la paz a nuestros corazones y al mundo: es en s\u00edntesis lo que dijo el Papa Francisco en la homil\u00eda de la ma\u00f1ana del lunes durante la Misa presidida en la Casa de Santa Marta.<br \/>\n\u201cSean misericordiosos, como el Padre de ustedes es misericordioso\u201d: el Papa coment\u00f3 la exhortaci\u00f3n de Jes\u00fas, afirmando de inmediato que \u201cno es f\u00e1cil entender esta actitud de la misericordia\u201d porque estamos acostumbrados a juzgar: \u201cno somos personas que dan naturalmente un poco de espacio a la comprensi\u00f3n y tambi\u00e9n a la misericordia\u201d. \u201cPara ser misericordiosos \u2013 observ\u00f3 \u2013 se necesitan dos actitudes. La primera es el conocimiento de s\u00ed mismo\u201d: saber que \u201ctenemos tantas cosas no buenas: \u00a1somos pecadores!\u201d. Y ante el arrepentimiento, \u201cla justicia de Dios \u2026 se transforma en misericordia y perd\u00f3n\u201d. Pero es necesario avergonzarse de los pecados:<br \/>\n\u201cEs cierto, ninguno de nosotros ha asesinado a alguien, pero hay tantas cosas peque\u00f1as, tantos pecados cotidianos, de todos los d\u00edas\u2026 Y cuando uno piensa: \u2018Pero qu\u00e9 cosa, pero que coraz\u00f3n chiquito: \u00a1he hecho esto contra el Se\u00f1or!\u2019. \u00a1Eso es avergonzarse! Avergonzarse ante Dios y esta verg\u00fcenza es una gracia: es la gracia de ser pecadores. Yo soy pecador y me averg\u00fcenzo ante Ti y te pido perd\u00f3n\u2019. Es sencillo, pero es tan dif\u00edcil decir: \u2018He pecado\u2019\u201d.<br \/>\nA menudo \u2013 observ\u00f3 el Santo Padre \u2013 justificamos nuestro pecado descargando la culpa sobre los dem\u00e1s, como hicieron Ad\u00e1n y Eva. \u201cQuiz\u00e1s \u2013 prosigui\u00f3\u2013 el otro me ayud\u00f3, me facilit\u00f3 el camino para hacerlo, \u00a1pero lo hice yo! Si nosotros hacemos esto, cu\u00e1ntas cosas buenas habr\u00e1n, \u00a1porque somos humildes!\u201d. Y \u201ccon esta actitud de arrepentimiento somos m\u00e1s capaces de ser misericordiosos, porque sentimos sobre nosotros la misericordia de Dios\u201d, como decimos en el Padre Nuestro: \u201cPerdona, como nosotros perdonamos\u201d. As\u00ed, \u201csi yo no perdono, \u00a1estoy un poco fuera de juego!\u201d.<br \/>\nLa otra actitud para ser misericordiosos \u2013 afirm\u00f3 el Pont\u00edfice \u2013 \u201ces agrandar el coraz\u00f3n\u201d, porque \u201cun coraz\u00f3n peque\u00f1o\u201d y \u201cego\u00edsta es incapaz de misericordia\u201d:<br \/>\n\u201c\u00a1Agrandar el coraz\u00f3n! \u2018Pero yo soy un pecador\u2019. \u2018Mira qu\u00e9 cosa ha hecho \u00e9ste, aquel\u2026. \u00a1Yo he hecho tantas! \u00bfQui\u00e9n soy yo para juzgarlo?\u2019. Esta frase: \u00bf\u2018Qui\u00e9n soy yo para juzgar a \u00e9ste? \u00bfQui\u00e9n soy yo para hablar mal de \u00e9ste? \u00bfQui\u00e9n soy yo para? \u00bfQui\u00e9n soy yo, que ha hecho las mismas cosas o peores?\u2019. \u00a1El coraz\u00f3n grande! Y el Se\u00f1or lo dice: \u2018\u00a1No juzguen y no ser\u00e1n juzgados! \u00a1No condenen y no ser\u00e1n condenados! \u00a1Perdonen y ser\u00e1n perdonados! \u00a1Den y se les dar\u00e1!\u2019. \u00a1Esta generosidad del coraz\u00f3n! Y \u00bfqu\u00e9 cosa se les dar\u00e1? Les volcar\u00e1n sobre el regazo una buena medida, apretada, sacudida y desbordante. Es la imagen de las personas que iban a recoger el grano con el delantal y estiraban el delantal para recibir m\u00e1s, m\u00e1s grano. Si tienes el coraz\u00f3n grande puedes recibir m\u00e1s\u201d.<br \/>\nEl coraz\u00f3n grande \u2013 dijo el Papa \u2013 \u201cno condena, sino perdona, olvida\u201d porque \u201cDios ha olvidado mis pecados; Dios ha perdonado mis pecados. Agrandar el coraz\u00f3n. \u00a1Esto es bello! &#8211; exclam\u00f3 Francisco- sean misericordiosos\u201d:<br \/>\n\u201cEl hombre y la mujer misericordiosos tienen un coraz\u00f3n grande, grande: perdonan siempre a los dem\u00e1s y s\u00f3lo piensan en sus pecados. \u2018\u00bfHas visto qu\u00e9 cosa ha hecho \u00e9ste?\u2019. \u2018\u00a1Tengo suficiente con aquello que he hecho yo y no me inmiscuyo!\u2019. Este es el camino de la misericordia que debemos pedir. Si todos nosotros, si todos los pueblos, las personas, las familias, los barrios, tuvi\u00e9semos esta actitud, \u00a1cu\u00e1nta paz habr\u00eda en el mundo, cu\u00e1nta paz en nuestros corazones! Porque la misericordia nos conduce a la paz. Recuerden siempre: \u2018\u00bfQui\u00e9n soy yo para juzgar?\u2019. Hay que avergonzarse y agrandar el coraz\u00f3n. Que el Se\u00f1or nos d\u00e9 esta gracia\u201d.<\/p>\n<p>Fuente: www.news.va<\/p>\n<!-- AddThis Advanced Settings generic via filter on the_content --><!-- AddThis Share Buttons generic via filter on the_content -->","protected":false},"excerpt":{"rendered":"<p>2014-03-17 .\u00a0Perdonar para encontrar misericordia: es el camino que trae la paz a nuestros corazones y al mundo: es en s\u00edntesis lo que dijo el [&hellip;]<!-- AddThis Advanced Settings generic via filter on get_the_excerpt --><!-- AddThis Share Buttons generic via filter on get_the_excerpt --><\/p>\n","protected":false},"author":2,"featured_media":4707,"comment_status":"open","ping_status":"closed","sticky":false,"template":"","format":"standard","meta":{"footnotes":""},"categories":[161],"tags":[],"class_list":["post-4706","post","type-post","status-publish","format-standard","has-post-thumbnail","hentry","category-el-papa-leonxiv"],"_links":{"self":[{"href":"https:\/\/obispadodezaratecampana.org\/index.php?rest_route=\/wp\/v2\/posts\/4706","targetHints":{"allow":["GET"]}}],"collection":[{"href":"https:\/\/obispadodezaratecampana.org\/index.php?rest_route=\/wp\/v2\/posts"}],"about":[{"href":"https:\/\/obispadodezaratecampana.org\/index.php?rest_route=\/wp\/v2\/types\/post"}],"author":[{"embeddable":true,"href":"https:\/\/obispadodezaratecampana.org\/index.php?rest_route=\/wp\/v2\/users\/2"}],"replies":[{"embeddable":true,"href":"https:\/\/obispadodezaratecampana.org\/index.php?rest_route=%2Fwp%2Fv2%2Fcomments&post=4706"}],"version-history":[{"count":1,"href":"https:\/\/obispadodezaratecampana.org\/index.php?rest_route=\/wp\/v2\/posts\/4706\/revisions"}],"predecessor-version":[{"id":4708,"href":"https:\/\/obispadodezaratecampana.org\/index.php?rest_route=\/wp\/v2\/posts\/4706\/revisions\/4708"}],"wp:featuredmedia":[{"embeddable":true,"href":"https:\/\/obispadodezaratecampana.org\/index.php?rest_route=\/wp\/v2\/media\/4707"}],"wp:attachment":[{"href":"https:\/\/obispadodezaratecampana.org\/index.php?rest_route=%2Fwp%2Fv2%2Fmedia&parent=4706"}],"wp:term":[{"taxonomy":"category","embeddable":true,"href":"https:\/\/obispadodezaratecampana.org\/index.php?rest_route=%2Fwp%2Fv2%2Fcategories&post=4706"},{"taxonomy":"post_tag","embeddable":true,"href":"https:\/\/obispadodezaratecampana.org\/index.php?rest_route=%2Fwp%2Fv2%2Ftags&post=4706"}],"curies":[{"name":"wp","href":"https:\/\/api.w.org\/{rel}","templated":true}]}}