{"id":4702,"date":"2014-03-18T10:35:10","date_gmt":"2014-03-18T13:35:10","guid":{"rendered":"http:\/\/obispadodezaratecampana.org\/?p=4702"},"modified":"2014-03-18T10:35:10","modified_gmt":"2014-03-18T13:35:10","slug":"peregrinacion-del-papa-francisco-a-tierra-santa","status":"publish","type":"post","link":"https:\/\/obispadodezaratecampana.org\/?p=4702","title":{"rendered":"Peregrinaci\u00f3n del Papa Francisco a Tierra Santa"},"content":{"rendered":"<p>2014-03-16 Radio Vaticana .\u00a0Los l\u00edderes de las comunidades cat\u00f3licas en Israel, Palestina, Jordania y Chipre han elegido el logotipo y el lema de la peregrinaci\u00f3n del Obispo de Roma, que tendr\u00e1 lugar del 24 a 26 de mayo. El lema es \u00abPara que todos sean uno\u00bb, se inspira en el ruego de Jes\u00fas al Padre (Jn 17,21) y el logotipo presenta el abrazo de los santos hermanos Pedro y Andr\u00e9s, los primeros dos disc\u00edpulos llamados por Jes\u00fas, en Galilea. Y como informa Tierrasanta.net ambos &#8211; lema y logotipo &#8211; han sido presentados en la reciente Asamblea de Ordinarios Cat\u00f3licos de Tierra Santa, celebrada el 11 y 12 marzo, en Tiberiades, en la orilla occidental del Mar de Galilea.<br \/>\nEl lema de la peregrinaci\u00f3n &#8211; destaca la misma p\u00e1gina Web de los Hermanos Menores de la Custodia de Tierra Santa \u2013 recuerda que, al anunciar su Viaje a Tierra Santa el Papa Bergoglio expres\u00f3 su anhelo de conmemorar el hist\u00f3rico encuentro en Jerusal\u00e9n entre Pablo VI y el patriarca Aten\u00e1goras, anunciando su viaje el pasado 5 de enero, en el d\u00eda del 50 aniversario de ese evento.<br \/>\nLa peregrinaci\u00f3n del Papa Francisco tendr\u00e1 tres etapas Amman, Bel\u00e9n y Jerusal\u00e9n, \u00abtres d\u00edas\u00bb, como dijo \u00e9l mismo a\u00f1adiendo que en el Santo Sepulcro celebrar\u00e1 un Encuentro Ecum\u00e9nico con todos los representantes de las Iglesias cristianas de Jerusal\u00e9n, junto con el Patriarca Bartolom\u00e9 de Constantinopla. A partir de ahora \u2013 dijo textualmente el Santo Padre &#8211; \u00ables pido que oren por esta peregrinaci\u00f3n, que ser\u00e1 una peregrinaci\u00f3n de oraci\u00f3n\u00bb.<\/p>\n<p>Fuente: www.news.va<\/p>\n<!-- AddThis Advanced Settings generic via filter on the_content --><!-- AddThis Share Buttons generic via filter on the_content -->","protected":false},"excerpt":{"rendered":"<p>2014-03-16 Radio Vaticana .\u00a0Los l\u00edderes de las comunidades cat\u00f3licas en Israel, Palestina, Jordania y Chipre han elegido el logotipo y el lema de la peregrinaci\u00f3n [&hellip;]<!-- AddThis Advanced Settings generic via filter on get_the_excerpt --><!-- AddThis Share Buttons generic via filter on get_the_excerpt --><\/p>\n","protected":false},"author":2,"featured_media":4703,"comment_status":"open","ping_status":"closed","sticky":false,"template":"","format":"standard","meta":{"footnotes":""},"categories":[161],"tags":[],"class_list":["post-4702","post","type-post","status-publish","format-standard","has-post-thumbnail","hentry","category-el-papa-leonxiv"],"_links":{"self":[{"href":"https:\/\/obispadodezaratecampana.org\/index.php?rest_route=\/wp\/v2\/posts\/4702","targetHints":{"allow":["GET"]}}],"collection":[{"href":"https:\/\/obispadodezaratecampana.org\/index.php?rest_route=\/wp\/v2\/posts"}],"about":[{"href":"https:\/\/obispadodezaratecampana.org\/index.php?rest_route=\/wp\/v2\/types\/post"}],"author":[{"embeddable":true,"href":"https:\/\/obispadodezaratecampana.org\/index.php?rest_route=\/wp\/v2\/users\/2"}],"replies":[{"embeddable":true,"href":"https:\/\/obispadodezaratecampana.org\/index.php?rest_route=%2Fwp%2Fv2%2Fcomments&post=4702"}],"version-history":[{"count":1,"href":"https:\/\/obispadodezaratecampana.org\/index.php?rest_route=\/wp\/v2\/posts\/4702\/revisions"}],"predecessor-version":[{"id":4704,"href":"https:\/\/obispadodezaratecampana.org\/index.php?rest_route=\/wp\/v2\/posts\/4702\/revisions\/4704"}],"wp:featuredmedia":[{"embeddable":true,"href":"https:\/\/obispadodezaratecampana.org\/index.php?rest_route=\/wp\/v2\/media\/4703"}],"wp:attachment":[{"href":"https:\/\/obispadodezaratecampana.org\/index.php?rest_route=%2Fwp%2Fv2%2Fmedia&parent=4702"}],"wp:term":[{"taxonomy":"category","embeddable":true,"href":"https:\/\/obispadodezaratecampana.org\/index.php?rest_route=%2Fwp%2Fv2%2Fcategories&post=4702"},{"taxonomy":"post_tag","embeddable":true,"href":"https:\/\/obispadodezaratecampana.org\/index.php?rest_route=%2Fwp%2Fv2%2Ftags&post=4702"}],"curies":[{"name":"wp","href":"https:\/\/api.w.org\/{rel}","templated":true}]}}