{"id":4699,"date":"2014-03-18T10:27:00","date_gmt":"2014-03-18T13:27:00","guid":{"rendered":"http:\/\/obispadodezaratecampana.org\/?p=4699"},"modified":"2014-03-18T10:27:00","modified_gmt":"2014-03-18T13:27:00","slug":"tweet-de-francisco-18-de-marzo","status":"publish","type":"post","link":"https:\/\/obispadodezaratecampana.org\/?p=4699","title":{"rendered":"Tweet de Francisco &#8211; 18 de marzo"},"content":{"rendered":"<p>TWITTER @PONTIFEX_ES<\/p>\n<p>18\/03\/2014 \u00a0<em>El amor cristiano es un amor sin c\u00e1lculos. \u00c9sta es la lecci\u00f3n del Buen Samaritano; \u00e9sta es la lecci\u00f3n de Jes\u00fas.<\/em><\/p>\n<!-- AddThis Advanced Settings generic via filter on the_content --><!-- AddThis Share Buttons generic via filter on the_content -->","protected":false},"excerpt":{"rendered":"<p>TWITTER @PONTIFEX_ES 18\/03\/2014 \u00a0El amor cristiano es un amor sin c\u00e1lculos. \u00c9sta es la lecci\u00f3n del Buen Samaritano; \u00e9sta es la lecci\u00f3n de Jes\u00fas.<!-- AddThis Advanced Settings generic via filter on get_the_excerpt --><!-- AddThis Share Buttons generic via filter on get_the_excerpt --><\/p>\n","protected":false},"author":2,"featured_media":4700,"comment_status":"open","ping_status":"closed","sticky":false,"template":"","format":"standard","meta":{"footnotes":""},"categories":[161],"tags":[],"class_list":["post-4699","post","type-post","status-publish","format-standard","has-post-thumbnail","hentry","category-el-papa-leonxiv"],"_links":{"self":[{"href":"https:\/\/obispadodezaratecampana.org\/index.php?rest_route=\/wp\/v2\/posts\/4699","targetHints":{"allow":["GET"]}}],"collection":[{"href":"https:\/\/obispadodezaratecampana.org\/index.php?rest_route=\/wp\/v2\/posts"}],"about":[{"href":"https:\/\/obispadodezaratecampana.org\/index.php?rest_route=\/wp\/v2\/types\/post"}],"author":[{"embeddable":true,"href":"https:\/\/obispadodezaratecampana.org\/index.php?rest_route=\/wp\/v2\/users\/2"}],"replies":[{"embeddable":true,"href":"https:\/\/obispadodezaratecampana.org\/index.php?rest_route=%2Fwp%2Fv2%2Fcomments&post=4699"}],"version-history":[{"count":1,"href":"https:\/\/obispadodezaratecampana.org\/index.php?rest_route=\/wp\/v2\/posts\/4699\/revisions"}],"predecessor-version":[{"id":4701,"href":"https:\/\/obispadodezaratecampana.org\/index.php?rest_route=\/wp\/v2\/posts\/4699\/revisions\/4701"}],"wp:featuredmedia":[{"embeddable":true,"href":"https:\/\/obispadodezaratecampana.org\/index.php?rest_route=\/wp\/v2\/media\/4700"}],"wp:attachment":[{"href":"https:\/\/obispadodezaratecampana.org\/index.php?rest_route=%2Fwp%2Fv2%2Fmedia&parent=4699"}],"wp:term":[{"taxonomy":"category","embeddable":true,"href":"https:\/\/obispadodezaratecampana.org\/index.php?rest_route=%2Fwp%2Fv2%2Fcategories&post=4699"},{"taxonomy":"post_tag","embeddable":true,"href":"https:\/\/obispadodezaratecampana.org\/index.php?rest_route=%2Fwp%2Fv2%2Ftags&post=4699"}],"curies":[{"name":"wp","href":"https:\/\/api.w.org\/{rel}","templated":true}]}}