{"id":4678,"date":"2014-03-16T16:19:15","date_gmt":"2014-03-16T19:19:15","guid":{"rendered":"http:\/\/obispadodezaratecampana.org\/?p=4678"},"modified":"2014-03-16T16:19:15","modified_gmt":"2014-03-16T19:19:15","slug":"16-de-marzo-segundo-domingo-de-cuaresma-la-transfiguracion","status":"publish","type":"post","link":"https:\/\/obispadodezaratecampana.org\/?p=4678","title":{"rendered":"16 de marzo.Segundo Domingo de Cuaresma &#8211; La Transfiguraci\u00f3n"},"content":{"rendered":"<p>Recordando que \u00ablos disc\u00edpulos de Jes\u00fas, estamos llamados a ser personas que escuchan su voz y se toman en serio sus palabras\u00bb, en la cita mariana dominical, el Papa Francisco destac\u00f3 dos elementos del Evangelio de este segundo Domingo de Cuaresma: \u00absubida\u00bb y \u00abbajada\u00bb. Reflexionando sobre la Transfiguraci\u00f3n y el lugar donde se produce este evento, puso de relieve que \u00abla monta\u00f1a representa el lugar de la cercan\u00eda con Dios y del encuentro \u00edntimo con \u00c9l; el lugar de la oraci\u00f3n, donde estar ante la presencia del Se\u00f1or\u00bb.<br \/>\n\u00ab\u00a1Pero no podemos quedarnos ah\u00ed!\u00bb, enfatiz\u00f3 el Obispo de Roma, haciendo hincapi\u00e9 en que el encuentro con Dios en la oraci\u00f3n nos impulsa nuevamente a \u00abbajar de la monta\u00f1a\u00bb y a volver hacia abajo, a la llanura, donde nos encontramos con muchos hermanos abrumados por fatigas, injusticias, pobreza material y espiritual. A estos hermanos nuestros que est\u00e1n en dificultad, estamos llamados a brindarles los frutos de la experiencia que hemos vivido con Dios, compartiendo con ellos los tesoros de la gracia recibida. Y habiendo sido consolados nosotros mismos, consolarlos a ellos.<br \/>\nEsta misi\u00f3n concierne a toda la Iglesia y es responsabilidad en primer lugar de los Pastores \u2013 obispos y sacerdotes \u2013 reiter\u00f3 el Papa Bergoglio, invitando a encomendarnos a nuestra Madre Mar\u00eda, para proseguir con fe y generosidad el itinerario de la Cuaresma, aprendiendo un poco m\u00e1s a \u00absubir\u00bb con la oraci\u00f3n y a \u00abbajar\u00bb con la caridad fraterna.<\/p>\n<p><strong>Texto completo de las palabras del Papa<\/strong><\/p>\n<p>Queridos hermanos y hermanas, \u00a1buenos d\u00edas!<br \/>\nHoy, el Evangelio nos presenta el evento de la Transfiguraci\u00f3n. Es la segunda etapa del camino cuaresmal: la primera, las tentaciones en el desierto, el domingo pasado, y la segunda: la Transfiguraci\u00f3n. Jes\u00fas \u00abtom\u00f3 a Pedro, a Santiago y a su hermano Juan, y los llev\u00f3 aparte a un monte elevado\u00bb (Mt 17, 1). La monta\u00f1a, en la Biblia, representa el lugar de la cercan\u00eda con Dios y del encuentro \u00edntimo con \u00c9l; el lugar de la oraci\u00f3n, donde estar ante la presencia del Se\u00f1or. All\u00e1 arriba, en la monta\u00f1a, Jes\u00fas se presenta a los tres disc\u00edpulos transfigurado, luminoso, bell\u00edsimo; y luego aparecen Mois\u00e9s y El\u00edas, que conversan con \u00c9l. Su rostro es tan resplandeciente y sus vestiduras tan blancas, que Pedro queda deslumbrado, hasta querer quedarse all\u00ed, casi como para detener ese momento. Enseguida resuena desde lo alto la voz del Padre que proclama a Jes\u00fas como su Hijo predilecto, diciendo: \u00abEsc\u00fachenlo\u00bb (v. 5).<br \/>\nEsta palabra es importante \u00a1eh! Nuestro Padre que dijo a estos ap\u00f3stoles, y dice tambi\u00e9n a nosotros, escuchen a Jes\u00fas, porque es mi hijo predilecto. Tengamos esta semana, esta palabra, en la cabeza y en el coraz\u00f3n. Escuchen a Jes\u00fas. Y esto no lo dice el Papa, lo dice Dios Padre, a todos, a m\u00ed, a ustedes, a todos, a todos. Es como una ayuda para ir adelante por el camino de la Cuaresma. Escuchen a Jes\u00fas. No lo olviden.<br \/>\nEs muy importante esta invitaci\u00f3n del Padre. Nosotros, disc\u00edpulos de Jes\u00fas, estamos llamados a ser personas que escuchan su voz y se toman en serio sus palabras. Para escuchar a Jes\u00fas, es necesario estar cerca de \u00c9l, seguirlo, como hac\u00edan las multitudes del Evangelio, que lo reconoc\u00edan por las calles de Palestina. Jes\u00fas no ten\u00eda una c\u00e1tedra o un p\u00falpito fijo, sino que era un maestro itinerante, que propon\u00eda sus ense\u00f1anzas, que eran las ense\u00f1anzas que le hab\u00eda dado el Padre, a lo largo de las calles, recorriendo distancias no siempre previsibles y, a veces algo inc\u00f3modas. Seguir a Jes\u00fas para escucharlo.<br \/>\nPero tambi\u00e9n escuchamos a Jes\u00fas en su palabra escrita, en el Evangelio. Les hago una pregunta, \u00bfustedes leen todos los d\u00edas un pasaje del Evangelio? S\u00ed, no, s\u00ed, no, mitad y mitad. Algunos s\u00ed, algunos no. Pero es importante, \u00a1eh! \u00bfUstedes leen el Evangelio? Es algo bueno, es una cosa buena, tener un peque\u00f1o Evangelio, peque\u00f1o. Y llevarlo con nosotros en el bolsillo, en la cartera, y leer un peque\u00f1o pasaje en cualquier momento de la jornada. En cualquier momento de la jornada yo tomo del bolsillo el Evangelio y leo algo, un peque\u00f1o pasaje, y ah\u00ed es Jes\u00fas que nos habla, en el Evangelio. Piensen esto. No es dif\u00edcil, ni siquiera necesario que sean los cuatro, uno de los Evangelios, peque\u00f1ito, con nosotros. Siempre el Evangelio con nosotros. Porque es la palabra de Jes\u00fas. Para poder escucharlo.<br \/>\nDe este episodio de la Transfiguraci\u00f3n, quisiera se\u00f1alar dos elementos significativos, que sintetizo en dos palabras: subida y bajada. Tenemos necesidad de apartarnos en un espacio de silencio &#8211; de subir a la monta\u00f1a &#8211; para reencontrarnos con nosotros mismos y percibir mejor la voz del Se\u00f1or. Esto lo hacemos en la oraci\u00f3n. No podemos permanecer siempre all\u00ed.<br \/>\nEl encuentro con Dios en la oraci\u00f3n nos impulsa nuevamente a \u00abbajar de la monta\u00f1a\u00bb y a volver hacia abajo, a la llanura, donde nos encontramos con muchos hermanos abrumados por fatigas, enfermedades, injusticias, ignorancia, pobreza material y espiritual. A estos hermanos nuestros que est\u00e1n en dificultad, estamos llamados a brindarles los frutos de la experiencia que hemos vivido con Dios, compartiendo con ellos la gracia recibida. Y esto es curioso. Cuando nosotros sentimos la palabra de Jes\u00fas, escuchamos la palabra de Jes\u00fas, y la tenemos en el coraz\u00f3n, \u00a1eh!, esa palabra crece. \u00bfY saben c\u00f3mo crece? D\u00e1ndola al otro. La palabra de Cristo en nosotros crece cuando la proclamamos, cuando nosotros la damos a los dem\u00e1s. Y esta es la vida cristiana. Es una misi\u00f3n para toda la Iglesia. Para todos los bautizados, para todos nosotros. Escuchar a Jes\u00fas y ofrecerlo a los dem\u00e1s. No se olviden esta semana. Escuchen a Jes\u00fas. Y piensen lo del Evangelio. \u00bfLo har\u00e1n? \u00bfHar\u00e1n eso? \u00bfEh? Despu\u00e9s, el pr\u00f3ximo domingo me dir\u00e1n si han hecho esto de tener un peque\u00f1o Evangelio en el bolsillo o en la cartera para leer un peque\u00f1o pasaje en la jornada.<br \/>\nY ahora dirij\u00e1monos a nuestra Madre Mar\u00eda, y encomend\u00e9monos a su gu\u00eda para proseguir con fe y generosidad este itinerario de la Cuaresma, aprendiendo un poco m\u00e1s a \u00absubir\u00bb con la oraci\u00f3n y a escuchar a Jes\u00fas, y a \u00abbajar\u00bb con la caridad fraterna, anunciando a Jes\u00fas.<\/p>\n<p><em>Tras rezar a la Madre de Dios, el Papa Francisco salud\u00f3 a todos los fieles de Roma y a los peregrinos presentes en la Plaza de San Pedro, comenzando por los procedentes de Valencia, Espa\u00f1a, as\u00ed como a los grupos venidos de Mannheim en Alemania y de Skara en Suecia.<\/em><br \/>\n<em>El Obispo de Roma agradeci\u00f3 a los grupos de las bandas musicales y coros de las regiones italianas de Piamonte, Liguria, Emilia y Toscana, acompa\u00f1ados por algunas autoridades civiles.<\/em><br \/>\n<em>Tambi\u00e9n dirigi\u00f3 unas palabras a los miembros de la Comunidad Papa Juan XXIII, fundada por el sacerdote Oreste Benzi, recordando que han organizado para el pr\u00f3ximo viernes por la noche un V\u00eda Crucis especial por las calles del centro de Roma en favor de las mujeres v\u00edctimas de la trata.<\/em><br \/>\n<em>Los invito a recordar en la oraci\u00f3n a los pasajeros y a la tripulaci\u00f3n del avi\u00f3n de Malasia y a sus familiares. Estamos cerca de ellos en este momento dif\u00edcil.<\/em><br \/>\n<em>De la misma manera el Pont\u00edfice salud\u00f3 a los grupos parroquiales procedentes de otras localidades italianas; a las religiosas franciscanas m\u00ednimas del Sagrado Coraz\u00f3n, y a las numerosas escuelas no s\u00f3lo italianas sino de otros pa\u00edses, a quienes, \u201cpor ser tantas, dijo el Papa, no puedo nombrarlas, a todas, pero recordemos juntos a la escuela cat\u00f3lica \u2018Mar Qardakh\u2019 de Erbil, en Kurdist\u00e1n, \u00a1eh! Record\u00e9mosla juntos. Est\u00e1 lejos, pero con nuestro coraz\u00f3n la recordamos, y a la de la di\u00f3cesis de Londres, en Ontario, Canad\u00e1\u201d.<\/em><br \/>\n<em>Antes de desear feliz domingo y buen almuerzo a todos, el Papa Francisco salud\u00f3 a los j\u00f3venes de la Sociedad de San Vicente de Pa\u00fal, al Rotary Club de Massafra-Mottola, y a otros j\u00f3venes y ni\u00f1os italianos.<\/em><\/p>\n<p>Fuente: www.news.va<\/p>\n<!-- AddThis Advanced Settings generic via filter on the_content --><!-- AddThis Share Buttons generic via filter on the_content -->","protected":false},"excerpt":{"rendered":"<p>Recordando que \u00ablos disc\u00edpulos de Jes\u00fas, estamos llamados a ser personas que escuchan su voz y se toman en serio sus palabras\u00bb, en la cita [&hellip;]<!-- AddThis Advanced Settings generic via filter on get_the_excerpt --><!-- AddThis Share Buttons generic via filter on get_the_excerpt --><\/p>\n","protected":false},"author":2,"featured_media":4679,"comment_status":"open","ping_status":"closed","sticky":false,"template":"","format":"standard","meta":{"footnotes":""},"categories":[161],"tags":[],"class_list":["post-4678","post","type-post","status-publish","format-standard","has-post-thumbnail","hentry","category-el-papa-leonxiv"],"_links":{"self":[{"href":"https:\/\/obispadodezaratecampana.org\/index.php?rest_route=\/wp\/v2\/posts\/4678","targetHints":{"allow":["GET"]}}],"collection":[{"href":"https:\/\/obispadodezaratecampana.org\/index.php?rest_route=\/wp\/v2\/posts"}],"about":[{"href":"https:\/\/obispadodezaratecampana.org\/index.php?rest_route=\/wp\/v2\/types\/post"}],"author":[{"embeddable":true,"href":"https:\/\/obispadodezaratecampana.org\/index.php?rest_route=\/wp\/v2\/users\/2"}],"replies":[{"embeddable":true,"href":"https:\/\/obispadodezaratecampana.org\/index.php?rest_route=%2Fwp%2Fv2%2Fcomments&post=4678"}],"version-history":[{"count":1,"href":"https:\/\/obispadodezaratecampana.org\/index.php?rest_route=\/wp\/v2\/posts\/4678\/revisions"}],"predecessor-version":[{"id":4680,"href":"https:\/\/obispadodezaratecampana.org\/index.php?rest_route=\/wp\/v2\/posts\/4678\/revisions\/4680"}],"wp:featuredmedia":[{"embeddable":true,"href":"https:\/\/obispadodezaratecampana.org\/index.php?rest_route=\/wp\/v2\/media\/4679"}],"wp:attachment":[{"href":"https:\/\/obispadodezaratecampana.org\/index.php?rest_route=%2Fwp%2Fv2%2Fmedia&parent=4678"}],"wp:term":[{"taxonomy":"category","embeddable":true,"href":"https:\/\/obispadodezaratecampana.org\/index.php?rest_route=%2Fwp%2Fv2%2Fcategories&post=4678"},{"taxonomy":"post_tag","embeddable":true,"href":"https:\/\/obispadodezaratecampana.org\/index.php?rest_route=%2Fwp%2Fv2%2Ftags&post=4678"}],"curies":[{"name":"wp","href":"https:\/\/api.w.org\/{rel}","templated":true}]}}