{"id":4672,"date":"2014-03-15T10:33:06","date_gmt":"2014-03-15T13:33:06","guid":{"rendered":"http:\/\/obispadodezaratecampana.org\/?p=4672"},"modified":"2014-03-18T19:04:19","modified_gmt":"2014-03-18T22:04:19","slug":"todavia-incompleto-festejo-de-san-jose-19-de-marzo","status":"publish","type":"post","link":"https:\/\/obispadodezaratecampana.org\/?p=4672","title":{"rendered":"19 de marzo : Festejos por el d\u00eda de San Jose"},"content":{"rendered":"<p>El pr\u00f3ximo 19 de marzo &#8211; D\u00eda de San Jose &#8211; nuestro Obispo esta celebrando en horas de la tarde \u00a0la fiesta en honor a este Santo, en Garin: Capilla San Jose. Participar\u00e1 de la procesi\u00f3n y misa en esta comunidad que pertenece a la Pquia. Santa Teresa de Jes\u00fas.<\/p>\n<p>En la Catedral Santa Florentina &#8211; partido de Campana &#8211; hay una imagen de San Jos\u00e9 del a\u00f1o 1806, que fue donada a la di\u00f3cesis en el 2008, en el A\u00f1o Paulino Jubilar. Esta fue entronizada en el 2009.<\/p>\n<p><strong>Detalle de actividades del 19 de marzo<\/strong><\/p>\n<p>Desde el 18 por la tarde, y el d\u00eda 19 de marzo: Solemnidad de San Jos\u00e9, Patrono y Protector de la Iglesia. Patrono secundario de nuestra di\u00f3cesis de Z\u00e1rate-Campana. \u00a0Este es el cronograma de sus fiestas patronales en Gar\u00edn:<br \/>\n<em>PROGRAMA<\/em><br \/>\n<em>A las 9 hs EXPOSICION DEL SANTISIMO SACRAMENTO<\/em><br \/>\n<em>A las 12 hs \u00a0REZO DEL ANGELUS<\/em><br \/>\n<em>A las 17 hs Rezo del SANTO ROSARIO<\/em><br \/>\n<em>A las 17: 30 hs SOLEMNE PROCESI\u00d3N CON LA PARTICIPACI\u00d3N DE NUESTRO OBISPO OSCAR (Por Calles Storni, Paso, San Mart\u00edn,Brasil y Storni)<\/em><br \/>\n<em>A las 18 hs Eucarist\u00eda concelebrada y presidida por nuestro Obispo.<\/em><br \/>\n<em>A partir de las 19 hs : COMPARTIR FRATERNO CON LOS DISTINTOS GRUPOS APOST\u00d3LICOS DE LA CAPILLA Y CENTRO PASTORAL DE SAN JOS\u00c9<\/em><\/p>\n<p><strong>Acto de confianza y entrega a San Jos\u00e9<\/strong><\/p>\n<p>Encomendemos al glorioso Patriarca San Jos\u00e9 nuestras familias, toda la pastoral de nuestra di\u00f3cesis, en especial la juventud, y nuestro prop\u00f3sito de comuni\u00f3n y misionariedad.<\/p>\n<p style=\"text-align: center;\"><em>ORACI\u00d3N A SAN JOS\u00c9<\/em><\/p>\n<p><em>San Jos\u00e9, Patriarca justo y bueno, Esposo de Mar\u00eda Sant\u00edsima, te invocamos con renovado amor y fe en tu vocaci\u00f3n e intercesi\u00f3n.<\/em><\/p>\n<p><em>T\u00fa, hijo de David, que con tu \u201cnombre nuevo\u201d, eres por excelencia aqu\u00e9l \u201cal que Dios engrandece\u201d, Y\u00f4sef (\u05d9\u05d5\u05e1\u05e3), porque el Alt\u00edsimo Todopoderoso te eligi\u00f3, en su Verbo, para \u201caumentar y engrandecer su familia\u201d (Cf G\u00e9nesis 30,22-24), el Israel de Dios, la Iglesia, y para eso te hizo custodio de Jes\u00fas, Verbo hecho hombre, el Salvador, concebido en Mar\u00eda por obra del Esp\u00edritu Santo.<\/em><\/p>\n<p><em>T\u00fa eres el modelo de los humildes (anawin), de &#8220;aquellos que el cristianismo eleva a grandes destinos&#8221;. T\u00fa,el protector de Cristo cuando entra en este mundo, el protector de la Virgen Mar\u00eda, de la Sagrada Familia, el protector de la Iglesia esparcida hacia todos los confines del orbe, el protector de quienes trabajan, en s\u00edntesis, el protector de todo lo recto y bueno que hay en el g\u00e9nero humano.<\/em><\/p>\n<p><em>Por eso te pedimos, bondadoso padre, que nos des los b\u00edblicos frutos de tu amor pur\u00edsimo, como los que diste a Jes\u00fas, cuando era Ni\u00f1o y adolescente, a \u00c9l, a quien cuidaste mientras \u201ccrec\u00eda\u201d en su ser y misi\u00f3n de \u201cSiervo doliente de Yahweh\u201d y Sumo y Eterno Sacerdote de la Nueva Alianza.<\/em><\/p>\n<p><em>Danos a nosotros el tesoro de confiar, el don de la confianza en Dios, de la confianza sin reservas en el poder salvador del Se\u00f1or del universo, para ser felices, en su voluntad (Cf Salmo 84, 13), para aceptarlo todo, incluso la passi\u00f3n, con el esp\u00edritu filial como el que T\u00fa mantuviste en el misterio de la huida a Egipto.<\/em><br \/>\n<em>Prot\u00e9genos siempre del maligno, del mal en todas sus formas, y de todas las consecuencias del pecado personal, que penetra en las humanas estructuras, y que nuestra inteligencia ni llega a mensurar.<\/em><\/p>\n<p><em>Cu\u00eddanos, San Jos\u00e9, Heredero de la Nueva Alianza, Var\u00f3n Justo, D\u00f3cil a la voz de Dios, Peregrino esperanzado, protector de las familias, del Romano Pont\u00edfice, de todos nosotros, la familia de Dios, que es la Iglesia.<\/em><\/p>\n<p><em>Am\u00e9n<\/em><\/p>\n<p><strong>Entrevista a Monse\u00f1or Sarlinga\u00a0<\/strong><\/p>\n<p>Los invitamos a leer esta entrevista del 2013 \u00a0publicada en AICA, donde nuestro Obispo habla entre otras cosas acerca de la imagen de San Jose del siglo XIX que se encuentra en Campana.\u00a0<a title=\"jose\" href=\"http:\/\/www.aica.org\/documentos-s-TW9ucy4gT3NjYXIgU2FybGluZ2E=-1906\">http:\/\/www.aica.org\/documentos-s-TW9ucy4gT3NjYXIgU2FybGluZ2E=-1906<\/a><\/p>\n<!-- AddThis Advanced Settings generic via filter on the_content --><!-- AddThis Share Buttons generic via filter on the_content -->","protected":false},"excerpt":{"rendered":"<p>El pr\u00f3ximo 19 de marzo &#8211; D\u00eda de San Jose &#8211; nuestro Obispo esta celebrando en horas de la tarde \u00a0la fiesta en honor a [&hellip;]<!-- AddThis Advanced Settings generic via filter on get_the_excerpt --><!-- AddThis Share Buttons generic via filter on get_the_excerpt --><\/p>\n","protected":false},"author":2,"featured_media":4693,"comment_status":"open","ping_status":"closed","sticky":false,"template":"","format":"standard","meta":{"footnotes":""},"categories":[3],"tags":[],"class_list":["post-4672","post","type-post","status-publish","format-standard","has-post-thumbnail","hentry","category-noticiasparroquiales"],"_links":{"self":[{"href":"https:\/\/obispadodezaratecampana.org\/index.php?rest_route=\/wp\/v2\/posts\/4672","targetHints":{"allow":["GET"]}}],"collection":[{"href":"https:\/\/obispadodezaratecampana.org\/index.php?rest_route=\/wp\/v2\/posts"}],"about":[{"href":"https:\/\/obispadodezaratecampana.org\/index.php?rest_route=\/wp\/v2\/types\/post"}],"author":[{"embeddable":true,"href":"https:\/\/obispadodezaratecampana.org\/index.php?rest_route=\/wp\/v2\/users\/2"}],"replies":[{"embeddable":true,"href":"https:\/\/obispadodezaratecampana.org\/index.php?rest_route=%2Fwp%2Fv2%2Fcomments&post=4672"}],"version-history":[{"count":5,"href":"https:\/\/obispadodezaratecampana.org\/index.php?rest_route=\/wp\/v2\/posts\/4672\/revisions"}],"predecessor-version":[{"id":4713,"href":"https:\/\/obispadodezaratecampana.org\/index.php?rest_route=\/wp\/v2\/posts\/4672\/revisions\/4713"}],"wp:featuredmedia":[{"embeddable":true,"href":"https:\/\/obispadodezaratecampana.org\/index.php?rest_route=\/wp\/v2\/media\/4693"}],"wp:attachment":[{"href":"https:\/\/obispadodezaratecampana.org\/index.php?rest_route=%2Fwp%2Fv2%2Fmedia&parent=4672"}],"wp:term":[{"taxonomy":"category","embeddable":true,"href":"https:\/\/obispadodezaratecampana.org\/index.php?rest_route=%2Fwp%2Fv2%2Fcategories&post=4672"},{"taxonomy":"post_tag","embeddable":true,"href":"https:\/\/obispadodezaratecampana.org\/index.php?rest_route=%2Fwp%2Fv2%2Ftags&post=4672"}],"curies":[{"name":"wp","href":"https:\/\/api.w.org\/{rel}","templated":true}]}}