{"id":4641,"date":"2014-03-13T20:33:21","date_gmt":"2014-03-13T23:33:21","guid":{"rendered":"http:\/\/obispadodezaratecampana.org\/?p=4641"},"modified":"2014-03-14T17:09:21","modified_gmt":"2014-03-14T20:09:21","slug":"1-jornada-diocesana-de-comunicadores","status":"publish","type":"post","link":"https:\/\/obispadodezaratecampana.org\/?p=4641","title":{"rendered":"1\u00b0 Jornada Diocesana de Comunicadores"},"content":{"rendered":"<p>El mi\u00e9rcoles 2 de abril (Feriado Nacional) se realizar\u00e1 en el partido de Campana (en el auditorio Ntra. Sra. de Guadalupe del Obispado) la\u00a01\u00b0 Jornada Diocesana de Comunicadores. \u00a0La misma ser\u00e1 por la ma\u00f1ana, entre las 9:00 y 12:30 hs aproximadamente.<\/p>\n<p><em>&#8220;Jornada destinada a todas aqu\u00e9llas personas que deseen realizar o ya est\u00e9n realizando tareas de comunicaci\u00f3n en las parroquias de la di\u00f3cesis de Z\u00e1rate &#8211; Campana y al fomento en el uso de la Pastoral Digital para la digitalizaci\u00f3n de los sacramentos.&#8221;<\/em><\/p>\n<p>Les compartimos el evento de facebook, donde los interesados pueden consultar lo que deseen:\u00a0<a title=\"comunica \" href=\"https:\/\/www.facebook.com\/events\/575592415870397\/\">https:\/\/www.facebook.com\/events\/575592415870397\/<\/a><\/p>\n<!-- AddThis Advanced Settings generic via filter on the_content --><!-- AddThis Share Buttons generic via filter on the_content -->","protected":false},"excerpt":{"rendered":"<p>El mi\u00e9rcoles 2 de abril (Feriado Nacional) se realizar\u00e1 en el partido de Campana (en el auditorio Ntra. Sra. de Guadalupe del Obispado) la\u00a01\u00b0 Jornada [&hellip;]<!-- AddThis Advanced Settings generic via filter on get_the_excerpt --><!-- AddThis Share Buttons generic via filter on get_the_excerpt --><\/p>\n","protected":false},"author":2,"featured_media":4642,"comment_status":"open","ping_status":"closed","sticky":false,"template":"","format":"standard","meta":{"footnotes":""},"categories":[1],"tags":[],"class_list":["post-4641","post","type-post","status-publish","format-standard","has-post-thumbnail","hentry","category-noticiasdiocesanas"],"_links":{"self":[{"href":"https:\/\/obispadodezaratecampana.org\/index.php?rest_route=\/wp\/v2\/posts\/4641","targetHints":{"allow":["GET"]}}],"collection":[{"href":"https:\/\/obispadodezaratecampana.org\/index.php?rest_route=\/wp\/v2\/posts"}],"about":[{"href":"https:\/\/obispadodezaratecampana.org\/index.php?rest_route=\/wp\/v2\/types\/post"}],"author":[{"embeddable":true,"href":"https:\/\/obispadodezaratecampana.org\/index.php?rest_route=\/wp\/v2\/users\/2"}],"replies":[{"embeddable":true,"href":"https:\/\/obispadodezaratecampana.org\/index.php?rest_route=%2Fwp%2Fv2%2Fcomments&post=4641"}],"version-history":[{"count":3,"href":"https:\/\/obispadodezaratecampana.org\/index.php?rest_route=\/wp\/v2\/posts\/4641\/revisions"}],"predecessor-version":[{"id":4659,"href":"https:\/\/obispadodezaratecampana.org\/index.php?rest_route=\/wp\/v2\/posts\/4641\/revisions\/4659"}],"wp:featuredmedia":[{"embeddable":true,"href":"https:\/\/obispadodezaratecampana.org\/index.php?rest_route=\/wp\/v2\/media\/4642"}],"wp:attachment":[{"href":"https:\/\/obispadodezaratecampana.org\/index.php?rest_route=%2Fwp%2Fv2%2Fmedia&parent=4641"}],"wp:term":[{"taxonomy":"category","embeddable":true,"href":"https:\/\/obispadodezaratecampana.org\/index.php?rest_route=%2Fwp%2Fv2%2Fcategories&post=4641"},{"taxonomy":"post_tag","embeddable":true,"href":"https:\/\/obispadodezaratecampana.org\/index.php?rest_route=%2Fwp%2Fv2%2Ftags&post=4641"}],"curies":[{"name":"wp","href":"https:\/\/api.w.org\/{rel}","templated":true}]}}