{"id":4625,"date":"2014-03-13T16:29:14","date_gmt":"2014-03-13T19:29:14","guid":{"rendered":"http:\/\/obispadodezaratecampana.org\/?p=4625"},"modified":"2014-03-13T16:29:14","modified_gmt":"2014-03-13T19:29:14","slug":"jueves-13-de-marzo-primer-aniversario-de-la-eleccion-de-francisco","status":"publish","type":"post","link":"https:\/\/obispadodezaratecampana.org\/?p=4625","title":{"rendered":"Jueves 13 de marzo &#8211; Primer Aniversario de la elecci\u00f3n de Francisco"},"content":{"rendered":"<p><strong>Primeras palabras de SS Francisco\u00a0<\/strong><\/p>\n<p>Recordemos las primeras palabras dirigidas por Francisco, hace un a\u00f1o, cuando fue electo Sumo Pont\u00edfice, y no dejemos de orar por el, como nos lo ha pedido:<\/p>\n<p><em>En sus primeras palabras al mundo, el reci\u00e9n elegido Papa Francisco, pidi\u00f3 a los fieles cat\u00f3licos de Roma y con ellos a los de todo el mundo, que recen a Dios por \u00e9l ahora que inicia su ministerio petrino.<\/em><\/p>\n<p><em>Ante una abarrotada Plaza de San Pedro, el Santo Padre dijo: \u201chermanos, hermanas, buenas noches. Ustedes saben que mis hermanos cardenales que han debido escoger a un Obispo de Roma han ido a elegirme al fin del mundo\u201d.<\/em><\/p>\n<p><em>El Pont\u00edfice pidi\u00f3 luego a todos \u201chacer una oraci\u00f3n por nuestro Obispo Em\u00e9rito Benedicto XVI. Recemos todos juntos por \u00e9l, que la Virgen lo custodie\u201d.<\/em><\/p>\n<p><em>\u201cComenzamos este camino juntos, un camino de fraternidad, de amor y de confianza entre nosotros. Recemos siempre unos por los otros, recemos por todo el mundo, para que haya una gran fraternidad\u201d.<\/em><\/p>\n<p><em>El Papa se\u00f1al\u00f3 luego que \u201cdeseo que este camino de Iglesia que hoy comenzamos y en el que me ayudar\u00e1 mi Cardenal Vicario sea fruct\u00edfero para esta bella ciudad\u201d.<\/em><\/p>\n<p><em>\u201cQuisiera darles la bendici\u00f3n, pero antes pido un favor. Antes de que el Obispo bendiga al pueblo, pido para que Dios bendiga a su Obispo. Hagamos en silencio esta oraci\u00f3n de ustedes para m\u00ed\u201d, asegur\u00f3.<\/em><\/p>\n<p>Fuente: www.aciprensa.com<\/p>\n<!-- AddThis Advanced Settings generic via filter on the_content --><!-- AddThis Share Buttons generic via filter on the_content -->","protected":false},"excerpt":{"rendered":"<p>Primeras palabras de SS Francisco\u00a0 Recordemos las primeras palabras dirigidas por Francisco, hace un a\u00f1o, cuando fue electo Sumo Pont\u00edfice, y no dejemos de orar [&hellip;]<!-- AddThis Advanced Settings generic via filter on get_the_excerpt --><!-- AddThis Share Buttons generic via filter on get_the_excerpt --><\/p>\n","protected":false},"author":2,"featured_media":4626,"comment_status":"open","ping_status":"closed","sticky":false,"template":"","format":"standard","meta":{"footnotes":""},"categories":[161],"tags":[],"class_list":["post-4625","post","type-post","status-publish","format-standard","has-post-thumbnail","hentry","category-el-papa-leonxiv"],"_links":{"self":[{"href":"https:\/\/obispadodezaratecampana.org\/index.php?rest_route=\/wp\/v2\/posts\/4625","targetHints":{"allow":["GET"]}}],"collection":[{"href":"https:\/\/obispadodezaratecampana.org\/index.php?rest_route=\/wp\/v2\/posts"}],"about":[{"href":"https:\/\/obispadodezaratecampana.org\/index.php?rest_route=\/wp\/v2\/types\/post"}],"author":[{"embeddable":true,"href":"https:\/\/obispadodezaratecampana.org\/index.php?rest_route=\/wp\/v2\/users\/2"}],"replies":[{"embeddable":true,"href":"https:\/\/obispadodezaratecampana.org\/index.php?rest_route=%2Fwp%2Fv2%2Fcomments&post=4625"}],"version-history":[{"count":1,"href":"https:\/\/obispadodezaratecampana.org\/index.php?rest_route=\/wp\/v2\/posts\/4625\/revisions"}],"predecessor-version":[{"id":4627,"href":"https:\/\/obispadodezaratecampana.org\/index.php?rest_route=\/wp\/v2\/posts\/4625\/revisions\/4627"}],"wp:featuredmedia":[{"embeddable":true,"href":"https:\/\/obispadodezaratecampana.org\/index.php?rest_route=\/wp\/v2\/media\/4626"}],"wp:attachment":[{"href":"https:\/\/obispadodezaratecampana.org\/index.php?rest_route=%2Fwp%2Fv2%2Fmedia&parent=4625"}],"wp:term":[{"taxonomy":"category","embeddable":true,"href":"https:\/\/obispadodezaratecampana.org\/index.php?rest_route=%2Fwp%2Fv2%2Fcategories&post=4625"},{"taxonomy":"post_tag","embeddable":true,"href":"https:\/\/obispadodezaratecampana.org\/index.php?rest_route=%2Fwp%2Fv2%2Ftags&post=4625"}],"curies":[{"name":"wp","href":"https:\/\/api.w.org\/{rel}","templated":true}]}}