{"id":4613,"date":"2014-03-10T20:47:40","date_gmt":"2014-03-10T23:47:40","guid":{"rendered":"http:\/\/obispadodezaratecampana.org\/?p=4613"},"modified":"2014-03-10T20:47:40","modified_gmt":"2014-03-10T23:47:40","slug":"angelus-del-primer-domingo-de-cuaresma","status":"publish","type":"post","link":"https:\/\/obispadodezaratecampana.org\/?p=4613","title":{"rendered":"\u00c1ngelus del primer Domingo de Cuaresma"},"content":{"rendered":"<p>2014-03-09 Radio Vaticana(RV).<\/p>\n<p>Puntualmente a mediod\u00eda, en una espl\u00e9ndida jornada de sol, el Papa Francisco rez\u00f3 el \u00c1ngelus con los miles de fieles y peregrinos de numerosos pa\u00edses que se hab\u00edan dado cita en la Plaza de San Pedro.<\/p>\n<p>En sus palabras, el Obispo de Roma record\u00f3 que el Evangelio del primer domingo de Cuaresma presenta cada a\u00f1o el episodio de las tentaciones de Jes\u00fas. Y afirm\u00f3 que el tentador trata de apartar al Se\u00f1or del proyecto del Padre, es decir de la v\u00eda del sacrificio que implica ofrecerse a s\u00ed mismo por amor en expiaci\u00f3n, para hacerle tomar un camino f\u00e1cil, de \u00e9xito y poder.<\/p>\n<p>El diablo dijo Francisco, le presenta a Jes\u00fas las falsas esperanzas mesi\u00e1nicas del bienestar econ\u00f3mico, indicado por la posibilidad de transformar las piedras en pan; del estilo espectacular y milagrero, con la idea de arrojarse desde el punto m\u00e1s alto del templo de Jerusal\u00e9n y hacerse salvar por los \u00e1ngeles y, en fin, del atajo del poder y del dominio, a cambio de un acto de adoraci\u00f3n a Satan\u00e1s.<\/p>\n<p>Pero Jes\u00fas, prosigui\u00f3 explicando el Papa, rechaza decididamente todas estas tentaciones y reafirma la firme voluntad de seguir la v\u00eda establecida por el Padre, sin ning\u00fan compromiso con el pecado y con la l\u00f3gica del mundo. De ah\u00ed que en sus respuestas a Satan\u00e1s, el Se\u00f1or nos sostiene en la lucha contra la mentalidad mundana que abaja al hombre al nivel de las necesidades primarias, haci\u00e9ndole perder el hambre de lo que es verdadero, bueno y bello, el hambre de Dios y de su amor.<\/p>\n<p>Tras recordar que las palabras de Jes\u00fas encuentran una confirmaci\u00f3n concreta en sus acciones, el Santo Padre destac\u00f3 la victoria definitiva del Se\u00f1or en su rendici\u00f3n final de cuentas con el \u201cpr\u00edncipe de este mundo\u201d en la hora de la pasi\u00f3n y de la cruz, lo que representa \u00a1la victoria del amor!<\/p>\n<p>Antes de rezar a la Madre de Dios el Papa Francisco afirm\u00f3 que el tiempo de la Cuaresma es ocasi\u00f3n propicia para todos nosotros para realizar un camino de conversi\u00f3n, confront\u00e1ndonos sinceramente con esta p\u00e1gina del Evangelio. Y pidi\u00f3 que renovemos las promesas de nuestro Bautismo, renunciando a Satan\u00e1s y a todas sus obras y seducciones, para caminar por los senderos de Dios y llegar a la Pascua en la alegr\u00eda del Esp\u00edritu.<\/p>\n<p><strong>Texto completo de la alocuci\u00f3n del Papa antes de rezar el \u00c1ngelus<\/strong><\/p>\n<p>Queridos hermanos y hermanas, \u00a1buenos d\u00edas!<br \/>\nEl Evangelio del primer domingo de Cuaresma presenta cada a\u00f1o el episodio de las tentaciones de Jes\u00fas, cuando el Esp\u00edritu Santo, que descendi\u00f3 sobre \u00c9l despu\u00e9s del Bautismo en el Jord\u00e1n, lo impuls\u00f3 a afrontar abiertamente a Satan\u00e1s en el desierto, durante cuarenta d\u00edas, antes de iniciar su misi\u00f3n p\u00fablica.<br \/>\nEl tentador trata de apartar a Jes\u00fas del proyecto del Padre, o sea de la v\u00eda del sacrificio, del amor que ofrece a s\u00ed mismo en expiaci\u00f3n, para hacerle tomar un camino f\u00e1cil, de \u00e9xito y poder. El duelo entre Jes\u00fas y Satan\u00e1s se produce a golpe de citas de la Sagrada Escritura. En efecto, el diablo para alejar a Jes\u00fas de la v\u00eda de la cruz, le presenta las falsas esperanzas mesi\u00e1nicas: el bienestar econ\u00f3mico, indicado por la posibilidad de transformar las piedras en pan; el estilo espectacular y milagrero, con la idea de arrojarse desde el punto m\u00e1s alto del templo de Jerusal\u00e9n y hacerse salvar por los \u00e1ngeles y, en fin, el atajo del poder y del dominio, a cambio de un acto de adoraci\u00f3n a Satan\u00e1s.<br \/>\nSon los tres grupos de tentaciones, tambi\u00e9n nosotros los conocemos bien.<br \/>\nJes\u00fas rechaza decididamente todas estas tentaciones y reafirma la firme voluntad de seguir la v\u00eda establecida por el Padre, sin ning\u00fan compromiso con el pecado y con la l\u00f3gica del mundo. Noten bien c\u00f3mo responde Jes\u00fas: \u00c9l no dialoga con Satan\u00e1s como hab\u00eda hecho Eva en el para\u00edso terrenal. Jes\u00fas sabe bien que con Satan\u00e1s no se puede dialogar porque, \u00a1es tan astuto! Por eso Jes\u00fas en vez de dialogar, como hizo Eva, elige de refugiarse en la Palabra de Dios y responde con la fuerza de esta Palabra. Recordemos esto en el momento de las tentaciones, de nuestras tentaciones: ning\u00fan argumento con Satan\u00e1s, sino siempre defendidos por la palabra de Dios, \u00a1y esto nos salvar\u00e1! En sus respuestas a Satan\u00e1s, el Se\u00f1or nos recuerda ante todo que \u201cno s\u00f3lo de pan vivir\u00e1 el hombre, sino de toda palabra que sale de la boca de Dios\u201d (Mt 4, 4; Cfr. Dt 8, 3); y esto nos da fuerza, nos sostiene en la lucha contra la mentalidad mundana que abaja al hombre al nivel de las necesidades primarias, haci\u00e9ndole perder el hambre de lo que es verdadero, bueno y bello, el hambre de Dios y de su amor.<br \/>\nRecuerda adem\u00e1s que tambi\u00e9n est\u00e1 escrito: \u201cNo tentar\u00e1s al Se\u00f1or tu Dios\u201d (v. 7), porque el camino de la fe pasa tambi\u00e9n a trav\u00e9s de la oscuridad, la duda, y se nutre de paciencia y de espera perseverante. Recuerda, en fin, Jes\u00fas, que est\u00e1 escrito: \u201cAl Se\u00f1or tu Dios adorar\u00e1s, y s\u00f3lo a \u00e9l dar\u00e1s culto\u201d (v. 10); o sea, debemos deshacernos de los \u00eddolos, de las cosas vanas, y construir nuestra vida sobre lo esencial.<br \/>\nEstas palabras de Jes\u00fas encuentran despu\u00e9s una confirmaci\u00f3n concreta en sus acciones. Su absoluta fidelidad al designio del amor del Padre lo conducir\u00e1, despu\u00e9s de casi tres a\u00f1os, a la rendici\u00f3n final de cuentas con el \u201cpr\u00edncipe de este mundo\u201d (Jn 16, 11), en la hora de la pasi\u00f3n y de la cruz, y all\u00ed Jes\u00fas traer\u00e1 su victoria definitiva, \u00a1la victoria del amor!<br \/>\nQueridos hermanos, el tiempo de la Cuaresma es ocasi\u00f3n propicia para todos nosotros para realizar un camino de conversi\u00f3n, confront\u00e1ndonos sinceramente con esta p\u00e1gina del Evangelio.<br \/>\nRenovemos las promesas de nuestro Bautismo: renunciemos a Satan\u00e1s y a todas sus obras y seducciones, porque es un seductor \u00e9l, \u00bfeh? Para caminar por los senderos de Dios y \u201cllegar a la Pascua en la alegr\u00eda del Esp\u00edritu\u201d (Oraci\u00f3n colecta del I Domingo de Cuaresma, A\u00f1o A).<br \/>\nDirijo un cordial saludo a los fieles de Roma y a todos los peregrinos.<br \/>\nSaludo a los grupos parroquiales provenientes de Biella y Vercelli, de Laura di Paestum, San Marzano, Aosta, Latina, Avellino y Pachino.<br \/>\nSaludo al Colegio \u201cSanta Mar\u00eda\u201d de Elche, Espa\u00f1a.<br \/>\nUn pensamiento especial dirijo a los j\u00f3venes de Rosolina que el pr\u00f3ximo domingo recibir\u00e1n la Confirmaci\u00f3n, a aquellos de Toscana que hacen en Roma la \u201cpromesa\u201d de seguir a Jes\u00fas, y a aquellos de Paderno Dugnano, Seregno, Bellaria y Curno. Saludo tambi\u00e9n a los padres y los ni\u00f1os de Cabiate.<br \/>\nDurante esta Cuaresma tengamos presente la invitaci\u00f3n de Caritas Internacional en su campa\u00f1a contra el hambre en el mundo.<br \/>\nDeseo a todos que el camino cuaresmal que acaba de comenzar sea rico de frutos; y pido un recuerdo en la oraci\u00f3n por m\u00ed y por los colaboradores de la Curia Romana, que esta tarde iniciaremos la semana de Ejercicios espirituales. Gracias. Feliz domingo y buen almuerzo. \u00a1Hasta pronto!<\/p>\n<!-- AddThis Advanced Settings generic via filter on the_content --><!-- AddThis Share Buttons generic via filter on the_content -->","protected":false},"excerpt":{"rendered":"<p>2014-03-09 Radio Vaticana(RV). Puntualmente a mediod\u00eda, en una espl\u00e9ndida jornada de sol, el Papa Francisco rez\u00f3 el \u00c1ngelus con los miles de fieles y peregrinos [&hellip;]<!-- AddThis Advanced Settings generic via filter on get_the_excerpt --><!-- AddThis Share Buttons generic via filter on get_the_excerpt --><\/p>\n","protected":false},"author":2,"featured_media":4614,"comment_status":"open","ping_status":"closed","sticky":false,"template":"","format":"standard","meta":{"footnotes":""},"categories":[161],"tags":[],"class_list":["post-4613","post","type-post","status-publish","format-standard","has-post-thumbnail","hentry","category-el-papa-leonxiv"],"_links":{"self":[{"href":"https:\/\/obispadodezaratecampana.org\/index.php?rest_route=\/wp\/v2\/posts\/4613","targetHints":{"allow":["GET"]}}],"collection":[{"href":"https:\/\/obispadodezaratecampana.org\/index.php?rest_route=\/wp\/v2\/posts"}],"about":[{"href":"https:\/\/obispadodezaratecampana.org\/index.php?rest_route=\/wp\/v2\/types\/post"}],"author":[{"embeddable":true,"href":"https:\/\/obispadodezaratecampana.org\/index.php?rest_route=\/wp\/v2\/users\/2"}],"replies":[{"embeddable":true,"href":"https:\/\/obispadodezaratecampana.org\/index.php?rest_route=%2Fwp%2Fv2%2Fcomments&post=4613"}],"version-history":[{"count":1,"href":"https:\/\/obispadodezaratecampana.org\/index.php?rest_route=\/wp\/v2\/posts\/4613\/revisions"}],"predecessor-version":[{"id":4615,"href":"https:\/\/obispadodezaratecampana.org\/index.php?rest_route=\/wp\/v2\/posts\/4613\/revisions\/4615"}],"wp:featuredmedia":[{"embeddable":true,"href":"https:\/\/obispadodezaratecampana.org\/index.php?rest_route=\/wp\/v2\/media\/4614"}],"wp:attachment":[{"href":"https:\/\/obispadodezaratecampana.org\/index.php?rest_route=%2Fwp%2Fv2%2Fmedia&parent=4613"}],"wp:term":[{"taxonomy":"category","embeddable":true,"href":"https:\/\/obispadodezaratecampana.org\/index.php?rest_route=%2Fwp%2Fv2%2Fcategories&post=4613"},{"taxonomy":"post_tag","embeddable":true,"href":"https:\/\/obispadodezaratecampana.org\/index.php?rest_route=%2Fwp%2Fv2%2Ftags&post=4613"}],"curies":[{"name":"wp","href":"https:\/\/api.w.org\/{rel}","templated":true}]}}