{"id":4605,"date":"2014-03-10T19:07:03","date_gmt":"2014-03-10T22:07:03","guid":{"rendered":"http:\/\/obispadodezaratecampana.org\/?p=4605"},"modified":"2014-03-10T19:07:03","modified_gmt":"2014-03-10T22:07:03","slug":"ejercicios-espirituales-de-francisco","status":"publish","type":"post","link":"https:\/\/obispadodezaratecampana.org\/?p=4605","title":{"rendered":"Ejercicios Espirituales de Francisco"},"content":{"rendered":"<p><strong>Francisco imita a Jes\u00fas, que fue a rezar al desierto, con una semana de ejercicios espirituales fuera de Roma y con miembros de la Curia Vaticana<\/strong><\/p>\n<p>2014-03-10 Radio Vaticana<br \/>\nREFLEXIONES EN FRONTERA, jesuita Guillermo Ortiz<\/p>\n<p>Bergoglio no celebra el 13 de marzo, aniversario de su elecci\u00f3n como obispo de Roma en el Vaticano, sino en Ariccia, haciendo oraci\u00f3n.<br \/>\nEn la tarde del domingo 9 de marzo el Papa llego a la \u201cCasa del Divino Maestro\u201d de los Paulinos, con 83 miembros de la curia. Saludo a los vecinos que esperaban su llegada desde la ventanilla de uno de los dos colectivos que transportaron al grupo.<br \/>\nLos ejercicios espirituales son un tiempo intenso y largo de oraci\u00f3n, en un momento propicio como la Cuaresma, en la que recordamos los cuarenta d\u00edas y noches de Jes\u00fas solo en el desierto. La oraci\u00f3n personal es el desierto cotidiano del cristiano para estar a solas con Dios y poder salir as\u00ed a los hermanos a compartir el amor del Padre.<br \/>\nEsta oraci\u00f3n se sustenta sobre la fe de que Dios habla al coraz\u00f3n humano. Papa Francisco, como jesuita, conoce bien el m\u00e9todo de san Ignacio de Loyola \u2013patrono de los ejercicios espirituales en la Iglesia-. Este m\u00e9todo pone a la persona sola delante de Dios, es decir, por m\u00e1s que estos ejercicios se hagan en grupo, el tiempo m\u00e1s importante es el momento personal de oraci\u00f3n a solas con Dios para buscar y hallar la voluntad de Dios.<br \/>\nY as\u00ed como Jes\u00fas en el desierto fue tentado por el demonio, as\u00ed todo el que busca escuchar la voz de Dios en su interior se expone tambi\u00e9n a las tentaciones del demonio que pretende apartarnos del camino de Dios. Por eso los ejercicios espirituales son un tiempo fuerte de lucha espiritual, de lucha interior, donde la base de la oraci\u00f3n es la palabra de Dios que es el arma con la que el cristiano se defiende de las tentaciones.<br \/>\nIgnacio de Loyola titula los ejercicios: \u201cPara vencerse as\u00ed mismo\u201d.<br \/>\nA pocas horas antes de partir del Vaticano, el obispo de Roma pidi\u00f3 oraciones por \u00e9l y por los van con \u00e9l a los ejercicios en el \u00e1ngelus de este domingo 9 de marzo.<\/p>\n<p>Fuente: News.va<\/p>\n<!-- AddThis Advanced Settings generic via filter on the_content --><!-- AddThis Share Buttons generic via filter on the_content -->","protected":false},"excerpt":{"rendered":"<p>Francisco imita a Jes\u00fas, que fue a rezar al desierto, con una semana de ejercicios espirituales fuera de Roma y con miembros de la Curia [&hellip;]<!-- AddThis Advanced Settings generic via filter on get_the_excerpt --><!-- AddThis Share Buttons generic via filter on get_the_excerpt --><\/p>\n","protected":false},"author":2,"featured_media":4606,"comment_status":"open","ping_status":"closed","sticky":false,"template":"","format":"standard","meta":{"footnotes":""},"categories":[161],"tags":[],"class_list":["post-4605","post","type-post","status-publish","format-standard","has-post-thumbnail","hentry","category-el-papa-leonxiv"],"_links":{"self":[{"href":"https:\/\/obispadodezaratecampana.org\/index.php?rest_route=\/wp\/v2\/posts\/4605","targetHints":{"allow":["GET"]}}],"collection":[{"href":"https:\/\/obispadodezaratecampana.org\/index.php?rest_route=\/wp\/v2\/posts"}],"about":[{"href":"https:\/\/obispadodezaratecampana.org\/index.php?rest_route=\/wp\/v2\/types\/post"}],"author":[{"embeddable":true,"href":"https:\/\/obispadodezaratecampana.org\/index.php?rest_route=\/wp\/v2\/users\/2"}],"replies":[{"embeddable":true,"href":"https:\/\/obispadodezaratecampana.org\/index.php?rest_route=%2Fwp%2Fv2%2Fcomments&post=4605"}],"version-history":[{"count":1,"href":"https:\/\/obispadodezaratecampana.org\/index.php?rest_route=\/wp\/v2\/posts\/4605\/revisions"}],"predecessor-version":[{"id":4607,"href":"https:\/\/obispadodezaratecampana.org\/index.php?rest_route=\/wp\/v2\/posts\/4605\/revisions\/4607"}],"wp:featuredmedia":[{"embeddable":true,"href":"https:\/\/obispadodezaratecampana.org\/index.php?rest_route=\/wp\/v2\/media\/4606"}],"wp:attachment":[{"href":"https:\/\/obispadodezaratecampana.org\/index.php?rest_route=%2Fwp%2Fv2%2Fmedia&parent=4605"}],"wp:term":[{"taxonomy":"category","embeddable":true,"href":"https:\/\/obispadodezaratecampana.org\/index.php?rest_route=%2Fwp%2Fv2%2Fcategories&post=4605"},{"taxonomy":"post_tag","embeddable":true,"href":"https:\/\/obispadodezaratecampana.org\/index.php?rest_route=%2Fwp%2Fv2%2Ftags&post=4605"}],"curies":[{"name":"wp","href":"https:\/\/api.w.org\/{rel}","templated":true}]}}