{"id":4601,"date":"2014-03-10T18:51:18","date_gmt":"2014-03-10T21:51:18","guid":{"rendered":"http:\/\/obispadodezaratecampana.org\/?p=4601"},"modified":"2014-03-10T18:51:18","modified_gmt":"2014-03-10T21:51:18","slug":"seminario-catequistico-en-pilar","status":"publish","type":"post","link":"https:\/\/obispadodezaratecampana.org\/?p=4601","title":{"rendered":"Seminario Catequ\u00edstico en Pilar"},"content":{"rendered":"<p>Les trasmitimos esta propuesta de formaci\u00f3n de la Hna. Laurentina Bussano:<\/p>\n<p><em>Queridos amigos el pr\u00f3ximo 15 de marzo comienza el Seminario Catequ\u00edstico que funcionar\u00e1 los d\u00edas s\u00e1bados de 8 a 11 hs. en el hogar de d\u00eda Ntra. Sra. de Lourdes, cito en la calle San Salvador 4470 &#8211; barrio Sta. Br\u00edgida &#8211; \u00a0partido de Pilar.\u00a0<\/em><\/p>\n<p><em>Aprovechemos esta oportunidad para llevar adelante una formaci\u00f3n permanente como nos pide la Iglesia, as\u00ed podremos ser mejores disc\u00edpulos y misioneros.\u00a0<\/em><\/p>\n<p>La cuenta de facebook de ella es: \u00a0<a title=\"seminario catequistico \" href=\"https:\/\/www.facebook.com\/hnalaurentina.bussano\">https:\/\/www.facebook.com\/hnalaurentina.bussano<\/a><\/p>\n<!-- AddThis Advanced Settings generic via filter on the_content --><!-- AddThis Share Buttons generic via filter on the_content -->","protected":false},"excerpt":{"rendered":"<p>Les trasmitimos esta propuesta de formaci\u00f3n de la Hna. Laurentina Bussano: Queridos amigos el pr\u00f3ximo 15 de marzo comienza el Seminario Catequ\u00edstico que funcionar\u00e1 los [&hellip;]<!-- AddThis Advanced Settings generic via filter on get_the_excerpt --><!-- AddThis Share Buttons generic via filter on get_the_excerpt --><\/p>\n","protected":false},"author":2,"featured_media":4602,"comment_status":"open","ping_status":"closed","sticky":false,"template":"","format":"standard","meta":{"footnotes":""},"categories":[3],"tags":[],"class_list":["post-4601","post","type-post","status-publish","format-standard","has-post-thumbnail","hentry","category-noticiasparroquiales"],"_links":{"self":[{"href":"https:\/\/obispadodezaratecampana.org\/index.php?rest_route=\/wp\/v2\/posts\/4601","targetHints":{"allow":["GET"]}}],"collection":[{"href":"https:\/\/obispadodezaratecampana.org\/index.php?rest_route=\/wp\/v2\/posts"}],"about":[{"href":"https:\/\/obispadodezaratecampana.org\/index.php?rest_route=\/wp\/v2\/types\/post"}],"author":[{"embeddable":true,"href":"https:\/\/obispadodezaratecampana.org\/index.php?rest_route=\/wp\/v2\/users\/2"}],"replies":[{"embeddable":true,"href":"https:\/\/obispadodezaratecampana.org\/index.php?rest_route=%2Fwp%2Fv2%2Fcomments&post=4601"}],"version-history":[{"count":1,"href":"https:\/\/obispadodezaratecampana.org\/index.php?rest_route=\/wp\/v2\/posts\/4601\/revisions"}],"predecessor-version":[{"id":4603,"href":"https:\/\/obispadodezaratecampana.org\/index.php?rest_route=\/wp\/v2\/posts\/4601\/revisions\/4603"}],"wp:featuredmedia":[{"embeddable":true,"href":"https:\/\/obispadodezaratecampana.org\/index.php?rest_route=\/wp\/v2\/media\/4602"}],"wp:attachment":[{"href":"https:\/\/obispadodezaratecampana.org\/index.php?rest_route=%2Fwp%2Fv2%2Fmedia&parent=4601"}],"wp:term":[{"taxonomy":"category","embeddable":true,"href":"https:\/\/obispadodezaratecampana.org\/index.php?rest_route=%2Fwp%2Fv2%2Fcategories&post=4601"},{"taxonomy":"post_tag","embeddable":true,"href":"https:\/\/obispadodezaratecampana.org\/index.php?rest_route=%2Fwp%2Fv2%2Ftags&post=4601"}],"curies":[{"name":"wp","href":"https:\/\/api.w.org\/{rel}","templated":true}]}}