{"id":4594,"date":"2014-03-08T14:49:05","date_gmt":"2014-03-08T17:49:05","guid":{"rendered":"http:\/\/obispadodezaratecampana.org\/?p=4594"},"modified":"2014-03-08T14:49:05","modified_gmt":"2014-03-08T17:49:05","slug":"8-de-marzo-dia-internacional-de-la-mujer","status":"publish","type":"post","link":"https:\/\/obispadodezaratecampana.org\/?p=4594","title":{"rendered":"8 DE MARZO : DIA INTERNACIONAL DE LA MUJER"},"content":{"rendered":"<p style=\"text-align: center;\"><strong>8 DE MARZO : DIA INTERNACIONAL DE LA MUJER<\/strong><\/p>\n<p>Un 8 de marzo de 1857, un grupo de obreras textiles tom\u00f3 la decisi\u00f3n de salir a las calles de Nueva York a protestar por las m\u00edseras condiciones en las que trabajaban.<\/p>\n<p>Distintos movimientos se sucedieron a partir de esa fecha. El 5 de marzo de 1908, Nueva York fue escenario de nuevo de una huelga pol\u00e9mica para aquellos tiempos. Un grupo de mujeres reclamaba la igualdad salarial, la disminuci\u00f3n de la jornada laboral a 10 horas y un tiempo para poder dar de mamar a sus hijos. Durante esa huelga, perecieron m\u00e1s de un centenar de mujeres quemadas en una f\u00e1brica de Sirtwoot Cotton, en un incendio que se atribuy\u00f3 al due\u00f1o de la f\u00e1brica como respuesta a la huelga.<br \/>\nEn 1910, durante la Segunda Conferencia Internacional de Mujeres Trabajadoras celebrada en Copenhague (Dinamarca) m\u00e1s de 100 mujeres aprobaron declarar el 8 de marzo como D\u00eda Internacional de la Mujer Trabajadora.<\/p>\n<p>Actualmente, se celebra como el D\u00eda Internacional de la Mujer.<\/p>\n<p>Oremos con mucha fe y confianza:<\/p>\n<p>Gracias, Dios Padre Bueno, por el amor que nos tienes;<br \/>\nporque nos has creado a tu imagen y semejanza<br \/>\nen la condici\u00f3n de var\u00f3n y mujer;<br \/>\npara que, reconoci\u00e9ndonos diferentes,<br \/>\nbusquemos complementarnos:<br \/>\nel var\u00f3n como apoyo de la mujer<br \/>\ny la mujer como apoyo del var\u00f3n.<\/p>\n<p>Gracias, Padre bueno, por la mujer<br \/>\ny su misi\u00f3n en la comunidad humana.<\/p>\n<p>Te pedimos por la mujer que es hija:<br \/>\nque sea acogida y amada por sus padres,<br \/>\ntratada con ternura y delicadeza.<\/p>\n<p>Te pedimos por la mujer que es hermana:<br \/>\nque sea respetada y defendida por sus hermanos.<\/p>\n<p>Te pedimos por la mujer que es esposa:<br \/>\nque sea reconocida, valorada y ayudada por su esposo,<br \/>\ncompa\u00f1ero fiel en la vida conyugal;<br \/>\nque ella se respete y se d\u00e9 a respetar,<br \/>\npara vivir ambos la comuni\u00f3n de corazones y anhelos<br \/>\nque se prolongan en la fecundidad de una nueva vida humana,<br \/>\nparticipando as\u00ed en la m\u00e1xima obra de la creaci\u00f3n: el ser humano.<\/p>\n<p>Te pedimos por la mujer que es madre:<br \/>\nque reconozca en la maternidad el florecimiento de su feminidad.<\/p>\n<p>Creada para la relaci\u00f3n,<br \/>\nsea sensible, tierna y abnegada<br \/>\nen la educaci\u00f3n de cada hijo;<br \/>\ncon la dulzura y la fortaleza,<br \/>\nla serenidad y la valent\u00eda,<br \/>\nla fe y la esperanza<br \/>\nque van forjando la persona,<br \/>\nel ciudadano, el hijo de Dios.<\/p>\n<p>Te pedimos por las mujeres buenas y generosas<br \/>\nque han entregado su vida para realizar la nuestra.<\/p>\n<p>Te pedimos por las mujeres que se sienten solas,<br \/>\npor las que no encuentran sentido a su vida;<br \/>\npor las marginadas y usadas como objeto de placer y de consumo;<br \/>\npor las que han sido maltratadas y asesinadas.<\/p>\n<p>Te pedimos, Padre Bueno,<br \/>\npor todos nosotros, varones o mujeres;<br \/>\nque nos sepamos comprender, valorar<br \/>\ny ayudar mutuamente,<br \/>\npara que en la relaci\u00f3n, amable y positiva,<br \/>\ncolaboremos juntos al servicio<br \/>\nde la familia y de la vida.<\/p>\n<!-- AddThis Advanced Settings generic via filter on the_content --><!-- AddThis Share Buttons generic via filter on the_content -->","protected":false},"excerpt":{"rendered":"<p>8 DE MARZO : DIA INTERNACIONAL DE LA MUJER Un 8 de marzo de 1857, un grupo de obreras textiles tom\u00f3 la decisi\u00f3n de salir [&hellip;]<!-- AddThis Advanced Settings generic via filter on get_the_excerpt --><!-- AddThis Share Buttons generic via filter on get_the_excerpt --><\/p>\n","protected":false},"author":2,"featured_media":4595,"comment_status":"open","ping_status":"closed","sticky":false,"template":"","format":"standard","meta":{"footnotes":""},"categories":[1],"tags":[],"class_list":["post-4594","post","type-post","status-publish","format-standard","has-post-thumbnail","hentry","category-noticiasdiocesanas"],"_links":{"self":[{"href":"https:\/\/obispadodezaratecampana.org\/index.php?rest_route=\/wp\/v2\/posts\/4594","targetHints":{"allow":["GET"]}}],"collection":[{"href":"https:\/\/obispadodezaratecampana.org\/index.php?rest_route=\/wp\/v2\/posts"}],"about":[{"href":"https:\/\/obispadodezaratecampana.org\/index.php?rest_route=\/wp\/v2\/types\/post"}],"author":[{"embeddable":true,"href":"https:\/\/obispadodezaratecampana.org\/index.php?rest_route=\/wp\/v2\/users\/2"}],"replies":[{"embeddable":true,"href":"https:\/\/obispadodezaratecampana.org\/index.php?rest_route=%2Fwp%2Fv2%2Fcomments&post=4594"}],"version-history":[{"count":1,"href":"https:\/\/obispadodezaratecampana.org\/index.php?rest_route=\/wp\/v2\/posts\/4594\/revisions"}],"predecessor-version":[{"id":4596,"href":"https:\/\/obispadodezaratecampana.org\/index.php?rest_route=\/wp\/v2\/posts\/4594\/revisions\/4596"}],"wp:featuredmedia":[{"embeddable":true,"href":"https:\/\/obispadodezaratecampana.org\/index.php?rest_route=\/wp\/v2\/media\/4595"}],"wp:attachment":[{"href":"https:\/\/obispadodezaratecampana.org\/index.php?rest_route=%2Fwp%2Fv2%2Fmedia&parent=4594"}],"wp:term":[{"taxonomy":"category","embeddable":true,"href":"https:\/\/obispadodezaratecampana.org\/index.php?rest_route=%2Fwp%2Fv2%2Fcategories&post=4594"},{"taxonomy":"post_tag","embeddable":true,"href":"https:\/\/obispadodezaratecampana.org\/index.php?rest_route=%2Fwp%2Fv2%2Ftags&post=4594"}],"curies":[{"name":"wp","href":"https:\/\/api.w.org\/{rel}","templated":true}]}}