{"id":4583,"date":"2014-03-08T11:54:44","date_gmt":"2014-03-08T14:54:44","guid":{"rendered":"http:\/\/obispadodezaratecampana.org\/?p=4583"},"modified":"2014-03-08T11:55:55","modified_gmt":"2014-03-08T14:55:55","slug":"tweets-del-papa-francisco","status":"publish","type":"post","link":"https:\/\/obispadodezaratecampana.org\/?p=4583","title":{"rendered":"Tweets del Papa Francisco"},"content":{"rendered":"<p><a href=\"http:\/\/obispadodezaratecampana.org\/wp-content\/uploads\/2014\/03\/peter.jpg\"><img fetchpriority=\"high\" decoding=\"async\" class=\"aligncenter size-medium wp-image-4584\" alt=\"peter\" src=\"http:\/\/obispadodezaratecampana.org\/wp-content\/uploads\/2014\/03\/peter-199x300.jpg\" width=\"199\" height=\"300\" srcset=\"https:\/\/obispadodezaratecampana.org\/wp-content\/uploads\/2014\/03\/peter-199x300.jpg 199w, https:\/\/obispadodezaratecampana.org\/wp-content\/uploads\/2014\/03\/peter.jpg 308w\" sizes=\"(max-width: 199px) 100vw, 199px\" \/><\/a><\/p>\n<p>TWITTER @PONTIFEX_ES<\/p>\n<p>08\/03\/2014 El reto de los esposos cristianos: estar juntos, aprender a amarse para siempre y buscar el modo de que el amor crezca.<\/p>\n<p>07\/03\/2014 Nuestro gozo m\u00e1s profundo viene de Cristo: estar con \u00c9l, caminar con \u00c9l, ser sus disc\u00edpulos.<\/p>\n<p>06\/03\/2014 Recemos por los cristianos que son perseguidos, para que sepan vencer el mal con el bien.<\/p>\n<p>&nbsp;<\/p>\n<!-- AddThis Advanced Settings generic via filter on the_content --><!-- AddThis Share Buttons generic via filter on the_content -->","protected":false},"excerpt":{"rendered":"<p>TWITTER @PONTIFEX_ES 08\/03\/2014 El reto de los esposos cristianos: estar juntos, aprender a amarse para siempre y buscar el modo de que el amor crezca. [&hellip;]<!-- AddThis Advanced Settings generic via filter on get_the_excerpt --><!-- AddThis Share Buttons generic via filter on get_the_excerpt --><\/p>\n","protected":false},"author":2,"featured_media":4584,"comment_status":"open","ping_status":"closed","sticky":false,"template":"","format":"standard","meta":{"footnotes":""},"categories":[161],"tags":[],"class_list":["post-4583","post","type-post","status-publish","format-standard","has-post-thumbnail","hentry","category-el-papa-leonxiv"],"_links":{"self":[{"href":"https:\/\/obispadodezaratecampana.org\/index.php?rest_route=\/wp\/v2\/posts\/4583","targetHints":{"allow":["GET"]}}],"collection":[{"href":"https:\/\/obispadodezaratecampana.org\/index.php?rest_route=\/wp\/v2\/posts"}],"about":[{"href":"https:\/\/obispadodezaratecampana.org\/index.php?rest_route=\/wp\/v2\/types\/post"}],"author":[{"embeddable":true,"href":"https:\/\/obispadodezaratecampana.org\/index.php?rest_route=\/wp\/v2\/users\/2"}],"replies":[{"embeddable":true,"href":"https:\/\/obispadodezaratecampana.org\/index.php?rest_route=%2Fwp%2Fv2%2Fcomments&post=4583"}],"version-history":[{"count":2,"href":"https:\/\/obispadodezaratecampana.org\/index.php?rest_route=\/wp\/v2\/posts\/4583\/revisions"}],"predecessor-version":[{"id":4586,"href":"https:\/\/obispadodezaratecampana.org\/index.php?rest_route=\/wp\/v2\/posts\/4583\/revisions\/4586"}],"wp:featuredmedia":[{"embeddable":true,"href":"https:\/\/obispadodezaratecampana.org\/index.php?rest_route=\/wp\/v2\/media\/4584"}],"wp:attachment":[{"href":"https:\/\/obispadodezaratecampana.org\/index.php?rest_route=%2Fwp%2Fv2%2Fmedia&parent=4583"}],"wp:term":[{"taxonomy":"category","embeddable":true,"href":"https:\/\/obispadodezaratecampana.org\/index.php?rest_route=%2Fwp%2Fv2%2Fcategories&post=4583"},{"taxonomy":"post_tag","embeddable":true,"href":"https:\/\/obispadodezaratecampana.org\/index.php?rest_route=%2Fwp%2Fv2%2Ftags&post=4583"}],"curies":[{"name":"wp","href":"https:\/\/api.w.org\/{rel}","templated":true}]}}