{"id":4580,"date":"2014-03-08T11:08:31","date_gmt":"2014-03-08T14:08:31","guid":{"rendered":"http:\/\/obispadodezaratecampana.org\/?p=4580"},"modified":"2014-03-08T11:08:31","modified_gmt":"2014-03-08T14:08:31","slug":"el-papa-al-consejo-mundial-de-la-iglesias-en-el-viaje-hacia-la-comunion-plena-no-tengais-miedo","status":"publish","type":"post","link":"https:\/\/obispadodezaratecampana.org\/?p=4580","title":{"rendered":"EL PAPA AL CONSEJO MUNDIAL DE LA IGLESIAS: EN EL VIAJE HACIA LA COMUNI\u00d3N PLENA, NO TENGAIS MIEDO"},"content":{"rendered":"<p><strong>EL PAPA AL CONSEJO MUNDIAL DE LA IGLESIAS: EN EL VIAJE HACIA LA COMUNI\u00d3N PLENA, NO TENGAIS MIEDO<\/strong><\/p>\n<p>Ciudad del Vaticano, 7 marzo 2014 (VIS).- Esta ma\u00f1ana el Santo Padre ha encontrado al Reverendo Olav Fykse Tveit, secretario general del Consejo Mundial de Iglesias junto a una delegaci\u00f3n. El Papa ha destacado que este encuentro \u201cmarca un cap\u00edtulo importante en las largas y fruct\u00edferas relaciones entre la Iglesia Cat\u00f3lica y el Consejo Mundial de Iglesias\u201d, y ha reconocido estar \u201cmuy agradecido por el servicio que prestan a la causa de la unidad entre los creyentes en Cristo\u201d.<\/p>\n<p>\u201cDesde su creaci\u00f3n, -ha dicho- el Consejo Mundial de Iglesias ha hecho una gran contribuci\u00f3n en la formaci\u00f3n de la sensibilidad de todos los cristianos a pesar de que nuestras divisiones son un obst\u00e1culo importante para el testimonio del Evangelio en el mundo. \u00c9stas no deben aceptarse con resignaci\u00f3n, como si fueran simplemente una parte inevitable de la experiencia hist\u00f3rica de la Iglesia. Si los cristianos ignoran la llamada a la unidad que les hace el Se\u00f1or, es probable que ignoren tambi\u00e9n Se\u00f1or y a la salvaci\u00f3n que les ofrece a trav\u00e9s de su Cuerpo, la Iglesia: &#8220;No hay salvaci\u00f3n en ning\u00fan otro, porque no hay otro nombre &#8230; con el que se demuestre que podemos salvarnos\u201d.<\/p>\n<p>\u201cEl camino hacia la comuni\u00f3n plena y visible es a\u00fan hoy un viaje arduo y cuesta arriba. El Esp\u00edritu, sin embargo, nos invita a no tener miedo, a avanzar con confianza, a no contentarnos con los progresos que hemos podido conseguir en estas \u00faltimas d\u00e9cadas. En este camino, es esencial la oraci\u00f3n -ha concluido-. S\u00f3lo con un esp\u00edritu de oraci\u00f3n humilde y persistente se obtendr\u00e1 la previsi\u00f3n necesaria, el discernimiento y la motivaci\u00f3n para ofrecer nuestro servicio a la familia humana, con todas sus debilidades y sus necesidades, tanto espirituales como materiales\u201d.<br \/>\n<strong><em><br \/>\n<\/em><\/strong><\/p>\n<!-- AddThis Advanced Settings generic via filter on the_content --><!-- AddThis Share Buttons generic via filter on the_content -->","protected":false},"excerpt":{"rendered":"<p>EL PAPA AL CONSEJO MUNDIAL DE LA IGLESIAS: EN EL VIAJE HACIA LA COMUNI\u00d3N PLENA, NO TENGAIS MIEDO Ciudad del Vaticano, 7 marzo 2014 (VIS).- [&hellip;]<!-- AddThis Advanced Settings generic via filter on get_the_excerpt --><!-- AddThis Share Buttons generic via filter on get_the_excerpt --><\/p>\n","protected":false},"author":2,"featured_media":4581,"comment_status":"open","ping_status":"closed","sticky":false,"template":"","format":"standard","meta":{"footnotes":""},"categories":[161],"tags":[],"class_list":["post-4580","post","type-post","status-publish","format-standard","has-post-thumbnail","hentry","category-el-papa-leonxiv"],"_links":{"self":[{"href":"https:\/\/obispadodezaratecampana.org\/index.php?rest_route=\/wp\/v2\/posts\/4580","targetHints":{"allow":["GET"]}}],"collection":[{"href":"https:\/\/obispadodezaratecampana.org\/index.php?rest_route=\/wp\/v2\/posts"}],"about":[{"href":"https:\/\/obispadodezaratecampana.org\/index.php?rest_route=\/wp\/v2\/types\/post"}],"author":[{"embeddable":true,"href":"https:\/\/obispadodezaratecampana.org\/index.php?rest_route=\/wp\/v2\/users\/2"}],"replies":[{"embeddable":true,"href":"https:\/\/obispadodezaratecampana.org\/index.php?rest_route=%2Fwp%2Fv2%2Fcomments&post=4580"}],"version-history":[{"count":1,"href":"https:\/\/obispadodezaratecampana.org\/index.php?rest_route=\/wp\/v2\/posts\/4580\/revisions"}],"predecessor-version":[{"id":4582,"href":"https:\/\/obispadodezaratecampana.org\/index.php?rest_route=\/wp\/v2\/posts\/4580\/revisions\/4582"}],"wp:featuredmedia":[{"embeddable":true,"href":"https:\/\/obispadodezaratecampana.org\/index.php?rest_route=\/wp\/v2\/media\/4581"}],"wp:attachment":[{"href":"https:\/\/obispadodezaratecampana.org\/index.php?rest_route=%2Fwp%2Fv2%2Fmedia&parent=4580"}],"wp:term":[{"taxonomy":"category","embeddable":true,"href":"https:\/\/obispadodezaratecampana.org\/index.php?rest_route=%2Fwp%2Fv2%2Fcategories&post=4580"},{"taxonomy":"post_tag","embeddable":true,"href":"https:\/\/obispadodezaratecampana.org\/index.php?rest_route=%2Fwp%2Fv2%2Ftags&post=4580"}],"curies":[{"name":"wp","href":"https:\/\/api.w.org\/{rel}","templated":true}]}}