{"id":4547,"date":"2014-03-06T00:05:12","date_gmt":"2014-03-06T03:05:12","guid":{"rendered":"http:\/\/obispadodezaratecampana.org\/?p=4547"},"modified":"2014-03-06T00:05:12","modified_gmt":"2014-03-06T03:05:12","slug":"inicio-de-catequesis-en-pquia-beata-de-calcuta-de-zarate","status":"publish","type":"post","link":"https:\/\/obispadodezaratecampana.org\/?p=4547","title":{"rendered":"Inicio de catequesis en Pquia. Beata de Calcuta de Z\u00e1rate"},"content":{"rendered":"<div>\n<div>Aviso del mes de marzo de la Pquia. Beata Teresa de Calcuta de Z\u00e1rate:<\/div>\n<div><em>Est\u00e1 abierta la inscripci\u00f3n para catequesis : ni\u00f1os,\u00a0j\u00f3venes\u00a0y adultos.\u00a0<\/em><br \/>\n<em>D\u00edas y horarios de inscripci\u00f3n: lunes, mi\u00e9rcoles y viernes de 9:00 \u00a0a 11:00 hs\u00a0<\/em><br \/>\n<em>\u00a1\u00a1Jes\u00fas te est\u00e1 esperando!!<\/em><\/div>\n<div>Cuenta de Facebook de la parroquia:<\/div>\n<div><a href=\"https:\/\/www.facebook.com\/beatateresa.calcuta.7?fref=ts\">https:\/\/www.facebook.com\/beatateresa.calcuta.7?fref=ts<\/a><\/div>\n<div><\/div>\n<p><em>\u00a0<\/em><\/p>\n<\/div>\n<div><\/div>\n<!-- AddThis Advanced Settings generic via filter on the_content --><!-- AddThis Share Buttons generic via filter on the_content -->","protected":false},"excerpt":{"rendered":"<p>Aviso del mes de marzo de la Pquia. Beata Teresa de Calcuta de Z\u00e1rate: Est\u00e1 abierta la inscripci\u00f3n para catequesis : ni\u00f1os,\u00a0j\u00f3venes\u00a0y adultos.\u00a0 D\u00edas y [&hellip;]<!-- AddThis Advanced Settings generic via filter on get_the_excerpt --><!-- AddThis Share Buttons generic via filter on get_the_excerpt --><\/p>\n","protected":false},"author":2,"featured_media":4548,"comment_status":"open","ping_status":"closed","sticky":false,"template":"","format":"standard","meta":{"footnotes":""},"categories":[3],"tags":[],"class_list":["post-4547","post","type-post","status-publish","format-standard","has-post-thumbnail","hentry","category-noticiasparroquiales"],"_links":{"self":[{"href":"https:\/\/obispadodezaratecampana.org\/index.php?rest_route=\/wp\/v2\/posts\/4547","targetHints":{"allow":["GET"]}}],"collection":[{"href":"https:\/\/obispadodezaratecampana.org\/index.php?rest_route=\/wp\/v2\/posts"}],"about":[{"href":"https:\/\/obispadodezaratecampana.org\/index.php?rest_route=\/wp\/v2\/types\/post"}],"author":[{"embeddable":true,"href":"https:\/\/obispadodezaratecampana.org\/index.php?rest_route=\/wp\/v2\/users\/2"}],"replies":[{"embeddable":true,"href":"https:\/\/obispadodezaratecampana.org\/index.php?rest_route=%2Fwp%2Fv2%2Fcomments&post=4547"}],"version-history":[{"count":1,"href":"https:\/\/obispadodezaratecampana.org\/index.php?rest_route=\/wp\/v2\/posts\/4547\/revisions"}],"predecessor-version":[{"id":4549,"href":"https:\/\/obispadodezaratecampana.org\/index.php?rest_route=\/wp\/v2\/posts\/4547\/revisions\/4549"}],"wp:featuredmedia":[{"embeddable":true,"href":"https:\/\/obispadodezaratecampana.org\/index.php?rest_route=\/wp\/v2\/media\/4548"}],"wp:attachment":[{"href":"https:\/\/obispadodezaratecampana.org\/index.php?rest_route=%2Fwp%2Fv2%2Fmedia&parent=4547"}],"wp:term":[{"taxonomy":"category","embeddable":true,"href":"https:\/\/obispadodezaratecampana.org\/index.php?rest_route=%2Fwp%2Fv2%2Fcategories&post=4547"},{"taxonomy":"post_tag","embeddable":true,"href":"https:\/\/obispadodezaratecampana.org\/index.php?rest_route=%2Fwp%2Fv2%2Ftags&post=4547"}],"curies":[{"name":"wp","href":"https:\/\/api.w.org\/{rel}","templated":true}]}}