{"id":4536,"date":"2014-03-05T16:15:57","date_gmt":"2014-03-05T19:15:57","guid":{"rendered":"http:\/\/obispadodezaratecampana.org\/?p=4536"},"modified":"2014-03-05T16:15:57","modified_gmt":"2014-03-05T19:15:57","slug":"avisos-parroquiales-pquia-ntra-sra-del-carmen-de-zarate","status":"publish","type":"post","link":"https:\/\/obispadodezaratecampana.org\/?p=4536","title":{"rendered":"Avisos Parroquiales &#8211; Pquia. Ntra. Sra. del Carmen de Z\u00e1rate"},"content":{"rendered":"<p><strong>Avisos Parroquiales de la Pquia. Ntra. Sra. del Carmen de Z\u00e1rate<\/strong><\/p>\n<p>&#8211; Mi\u00e9rcoles 5 de marzo. Mi\u00e9rcoles de ceniza. Comienza la Cuaresma. D\u00eda de ayuno y abstinencia. La abstinencia obliga a partir de los catorce a\u00f1os y el ayuno desde los dieciocho hasta los cincuenta y nueve a\u00f1os de edad.<br \/>\nHabr\u00e1 imposici\u00f3n de la ceniza en las Misas de la ma\u00f1ana y de la tarde. A las 19Hs. La Misa de la tarde ser\u00e1 de la Renovaci\u00f3n Carism\u00e1tica y la preside el P. Rufino.<br \/>\n18Hs. Comienzan los encuentros de catequesis de 2\u00b0 de Confirmaci\u00f3n.<\/p>\n<p>&#8211; A partir del jueves 6 en las ferias de Cuaresma, o sea de lunes a s\u00e1bados por la ma\u00f1ana, iremos meditando la Exhortaci\u00f3n Apost\u00f3lica \u201cEvangelii Gaudium\u201d del Papa Francisco.<\/p>\n<p>&#8211; Viernes 7. Como cada 7 de mes pedimos a Dios por el pan y el trabajo digno para todos. Bendeciremos el pan en las Misas de la ma\u00f1ana y de la tarde.<\/p>\n<p>&#8211; S\u00e1bado 8. 17Hs. Comienzan los encuentros de la UNER. Invitamos a participar.<br \/>\n&#8211; Cambio de horario en las Misas de la tarde a las 19Hs. y como cada 8 de mes Bendeciremos a las embarazadas, a las que quieran ser mam\u00e1 y presentaremos a los ni\u00f1os a la Virgen en la Misa de la tarde.<br \/>\n&#8211; 20:30Hs. Habr\u00e1 una charla abierta para j\u00f3venes sobre la Cuaresma.<\/p>\n<p>&#8211; Domingo 9, de 15 a 18Hs. Habr\u00e1 un mini retiro de cuaresma abierto para j\u00f3venes.<\/p>\n<p>&#8211; Lunes 10. Comienza la inscripci\u00f3n de Catequesis de Confirmaci\u00f3n de 17 a 19Hs.<br \/>\n18Hs. Grupo Resurrecci\u00f3n.<\/p>\n<p>&#8211; Martes 11, 17Hs. Reuni\u00f3n de Pastoral de la Salud.<\/p>\n<p>&#8211; Proclama matrimonial:\u00a0El 22\/03 se casan Diego Javier Manzi y Norma Beatriz Laura.<\/p>\n<p>&#8211; Pedimos a TODOS los catequistas que den su \u201cpresente\u201d, con car\u00e1cter de urgente, para una reuni\u00f3n para organizar la catequesis de este a\u00f1o.<\/p>\n<!-- AddThis Advanced Settings generic via filter on the_content --><!-- AddThis Share Buttons generic via filter on the_content -->","protected":false},"excerpt":{"rendered":"<p>Avisos Parroquiales de la Pquia. Ntra. Sra. del Carmen de Z\u00e1rate &#8211; Mi\u00e9rcoles 5 de marzo. Mi\u00e9rcoles de ceniza. Comienza la Cuaresma. D\u00eda de ayuno [&hellip;]<!-- AddThis Advanced Settings generic via filter on get_the_excerpt --><!-- AddThis Share Buttons generic via filter on get_the_excerpt --><\/p>\n","protected":false},"author":2,"featured_media":4537,"comment_status":"open","ping_status":"closed","sticky":false,"template":"","format":"standard","meta":{"footnotes":""},"categories":[3],"tags":[],"class_list":["post-4536","post","type-post","status-publish","format-standard","has-post-thumbnail","hentry","category-noticiasparroquiales"],"_links":{"self":[{"href":"https:\/\/obispadodezaratecampana.org\/index.php?rest_route=\/wp\/v2\/posts\/4536","targetHints":{"allow":["GET"]}}],"collection":[{"href":"https:\/\/obispadodezaratecampana.org\/index.php?rest_route=\/wp\/v2\/posts"}],"about":[{"href":"https:\/\/obispadodezaratecampana.org\/index.php?rest_route=\/wp\/v2\/types\/post"}],"author":[{"embeddable":true,"href":"https:\/\/obispadodezaratecampana.org\/index.php?rest_route=\/wp\/v2\/users\/2"}],"replies":[{"embeddable":true,"href":"https:\/\/obispadodezaratecampana.org\/index.php?rest_route=%2Fwp%2Fv2%2Fcomments&post=4536"}],"version-history":[{"count":1,"href":"https:\/\/obispadodezaratecampana.org\/index.php?rest_route=\/wp\/v2\/posts\/4536\/revisions"}],"predecessor-version":[{"id":4538,"href":"https:\/\/obispadodezaratecampana.org\/index.php?rest_route=\/wp\/v2\/posts\/4536\/revisions\/4538"}],"wp:featuredmedia":[{"embeddable":true,"href":"https:\/\/obispadodezaratecampana.org\/index.php?rest_route=\/wp\/v2\/media\/4537"}],"wp:attachment":[{"href":"https:\/\/obispadodezaratecampana.org\/index.php?rest_route=%2Fwp%2Fv2%2Fmedia&parent=4536"}],"wp:term":[{"taxonomy":"category","embeddable":true,"href":"https:\/\/obispadodezaratecampana.org\/index.php?rest_route=%2Fwp%2Fv2%2Fcategories&post=4536"},{"taxonomy":"post_tag","embeddable":true,"href":"https:\/\/obispadodezaratecampana.org\/index.php?rest_route=%2Fwp%2Fv2%2Ftags&post=4536"}],"curies":[{"name":"wp","href":"https:\/\/api.w.org\/{rel}","templated":true}]}}