{"id":4533,"date":"2014-03-05T15:28:16","date_gmt":"2014-03-05T18:28:16","guid":{"rendered":"http:\/\/obispadodezaratecampana.org\/?p=4533"},"modified":"2014-03-05T15:28:16","modified_gmt":"2014-03-05T18:28:16","slug":"francisco-miercoles-de-ceniza","status":"publish","type":"post","link":"https:\/\/obispadodezaratecampana.org\/?p=4533","title":{"rendered":"Francisco : Mi\u00e9rcoles de Ceniza"},"content":{"rendered":"<p>EL PAPA FRANCISCO EXPLICA LA CUARESMA Y C\u00d3MO VIVIRLA BIEN<\/p>\n<p>&#8220;Acci\u00f3n de gracias a Dios por el misterio de su amor crucificado; fe aut\u00e9ntica; conversi\u00f3n y apertura del coraz\u00f3n a los hermanos: \u00e9stos son los elementos esenciales para vivir el tiempo de la Cuaresma&#8221;, seg\u00fan lo explic\u00f3 esta ma\u00f1ana el Papa Francisco en su catequesis de la audiencia general. Les ofrecemos a continuaci\u00f3n el texto completo:<\/p>\n<p><em>\u00abQueridos hermanos y hermanas, \u00a1buenos d\u00edas!<\/em><\/p>\n<p><em>Hoy, Mi\u00e9rcoles de Ceniza, comienza el itinerario cuaresmal de cuarenta d\u00edas que nos conducir\u00e1 al Triduo pascual, memoria de la pasi\u00f3n, muerte y resurrecci\u00f3n del Se\u00f1or, coraz\u00f3n, centro del misterio de nuestra salvaci\u00f3n.<\/em><\/p>\n<p><em>La cuaresma nos prepara a este momento tan importante, y por ello la Cuaresma es un tiempo \u201cfuerte\u201d, un punto de viraje que puede favorecer en cada uno de nosotros el cambio, la conversi\u00f3n: todos nosotros tenemos necesidad de mejorar, de cambiar en positivo, y la cuaresma nos ayuda. As\u00ed salimos de los h\u00e1bitos cansados y del perezoso acostumbrarse al mal que nos insidia.<\/em><\/p>\n<p><em>En el tiempo cuaresmal, la Iglesia nos dirige dos importantes invitaciones: tomar conciencia m\u00e1s viva de la obra redentora de Cristo; y vivir con mayor empe\u00f1o el propio Bautismo.<\/em><\/p>\n<p><em>La conciencia de las maravillas que el Se\u00f1or ha obrado por nuestra salvaci\u00f3n dispone nuestra mente y nuestro coraz\u00f3n a una actitud de gratitud hacia Dios por todo lo que \u00c9l nos ha donado, por todo lo que realiza en favor de su Pueblo y de la humanidad entera. De aqu\u00ed parte nuestra conversi\u00f3n: ella es la respuesta reconocida al misterio estupendo del amor de Dios. Cuando nosotros vemos este amor que Dios tiene para nosotros, sentimos las ganas de acercarnos a \u00c9l y \u00e9sta es la conversi\u00f3n.<\/em><\/p>\n<p><em>Vivir el Bautismo hasta el fondo \u2013 esta es la segunda invitaci\u00f3n \u2013 significa no acostumbrarse a las situaciones de degrado y de miseria que encontramos caminando por las calles de nuestras ciudades y de nuestros pa\u00edses. Est\u00e1 el riesgo de aceptar pasivamente ciertos comportamientos y de no sorprendernos frente a las tristes realidades que nos rodean.<\/em><\/p>\n<p><em>Nos acostumbramos a la violencia, como si fuese una noticia cotidiana descontada; nos acostumbramos a hermanos y hermanas que duermen en la calle, que no tienen un techo para protegerse. Nos acostumbramos a los pr\u00f3fugos en busca de libertad y dignidad, que no son acogidos como se debe. Nos acostumbramos a vivir en una sociedad que pretende menospreciar a Dios, en la que los padres no ense\u00f1an m\u00e1s a los hijos a rezar ni a hacerse la se\u00f1al de la cruz.<\/em><\/p>\n<p><em>Yo les pregunto: sus hijos, sus ni\u00f1os \u00bfsaben hacerse el signo de la cruz? Piensen. \u00bfSus nietos saben hacerse el signo de la cruz? \u00bfSe lo han ense\u00f1ado? Piensen y resp\u00f3ndanse en su coraz\u00f3n. \u00bfSaben rezar el padrenuestro, saben rezar a la Virgen con el Avemar\u00eda? Y resp\u00f3ndanse ustedes. Este acostumbrarse a comportamientos no cristianos y de comodidad \u00a1nos narcotiza el coraz\u00f3n!<\/em><\/p>\n<p><em>La Cuaresma nos llega como un momento providencial para cambiar ruta, para recuperar la capacidad de reaccionar ante la realidad del mal que siempre nos desaf\u00eda. La Cuaresma se debe vivir como tiempo de conversi\u00f3n, de renovaci\u00f3n personal y comunitaria a trav\u00e9s del acercamiento a Dios y de la adhesi\u00f3n confiada al Evangelio.<\/em><\/p>\n<p><em>De esta manera tambi\u00e9n nos permite mirar con nuevos ojos a los hermanos y sus necesidades. Por ello la Cuaresma es un tiempo propicio para convertirse al amor al pr\u00f3jimo; un amor que sepa hacer propia la actitud de gratuidad y de misericordia del Se\u00f1or, que \u00abse hizo pobre para enriquecernos con su pobreza\u00bb (cf. 2 Cor 8,9) . Meditando sobre los misterios centrales de la fe, la pasi\u00f3n, la cruz y la resurrecci\u00f3n de Cristo, nos damos cuenta de que el don sin medida de la Redenci\u00f3n se nos ha dado por la iniciativa gratuita de Dios.<\/em><\/p>\n<p><em>Acci\u00f3n de gracias a Dios por el misterio de su amor crucificado; fe aut\u00e9ntica; conversi\u00f3n y apertura del coraz\u00f3n a los hermanos: \u00e9stos son los elementos esenciales para vivir el tiempo de la Cuaresma.<\/em><\/p>\n<p><em>En este camino, queremos invocar con especial confianza la protecci\u00f3n y la ayuda de la Virgen Mar\u00eda: Que sea Ella, la primera creyente en Cristo, la que nos acompa\u00f1e en los d\u00edas de intensa oraci\u00f3n y de penitencia, para llegar a celebrar, purificados y renovados en el esp\u00edritu, el gran misterio de la Pascua de su Hijo. Gracias\u00bb.<\/em><\/p>\n<!-- AddThis Advanced Settings generic via filter on the_content --><!-- AddThis Share Buttons generic via filter on the_content -->","protected":false},"excerpt":{"rendered":"<p>EL PAPA FRANCISCO EXPLICA LA CUARESMA Y C\u00d3MO VIVIRLA BIEN &#8220;Acci\u00f3n de gracias a Dios por el misterio de su amor crucificado; fe aut\u00e9ntica; conversi\u00f3n [&hellip;]<!-- AddThis Advanced Settings generic via filter on get_the_excerpt --><!-- AddThis Share Buttons generic via filter on get_the_excerpt --><\/p>\n","protected":false},"author":2,"featured_media":4534,"comment_status":"open","ping_status":"closed","sticky":false,"template":"","format":"standard","meta":{"footnotes":""},"categories":[161],"tags":[],"class_list":["post-4533","post","type-post","status-publish","format-standard","has-post-thumbnail","hentry","category-el-papa-leonxiv"],"_links":{"self":[{"href":"https:\/\/obispadodezaratecampana.org\/index.php?rest_route=\/wp\/v2\/posts\/4533","targetHints":{"allow":["GET"]}}],"collection":[{"href":"https:\/\/obispadodezaratecampana.org\/index.php?rest_route=\/wp\/v2\/posts"}],"about":[{"href":"https:\/\/obispadodezaratecampana.org\/index.php?rest_route=\/wp\/v2\/types\/post"}],"author":[{"embeddable":true,"href":"https:\/\/obispadodezaratecampana.org\/index.php?rest_route=\/wp\/v2\/users\/2"}],"replies":[{"embeddable":true,"href":"https:\/\/obispadodezaratecampana.org\/index.php?rest_route=%2Fwp%2Fv2%2Fcomments&post=4533"}],"version-history":[{"count":1,"href":"https:\/\/obispadodezaratecampana.org\/index.php?rest_route=\/wp\/v2\/posts\/4533\/revisions"}],"predecessor-version":[{"id":4535,"href":"https:\/\/obispadodezaratecampana.org\/index.php?rest_route=\/wp\/v2\/posts\/4533\/revisions\/4535"}],"wp:featuredmedia":[{"embeddable":true,"href":"https:\/\/obispadodezaratecampana.org\/index.php?rest_route=\/wp\/v2\/media\/4534"}],"wp:attachment":[{"href":"https:\/\/obispadodezaratecampana.org\/index.php?rest_route=%2Fwp%2Fv2%2Fmedia&parent=4533"}],"wp:term":[{"taxonomy":"category","embeddable":true,"href":"https:\/\/obispadodezaratecampana.org\/index.php?rest_route=%2Fwp%2Fv2%2Fcategories&post=4533"},{"taxonomy":"post_tag","embeddable":true,"href":"https:\/\/obispadodezaratecampana.org\/index.php?rest_route=%2Fwp%2Fv2%2Ftags&post=4533"}],"curies":[{"name":"wp","href":"https:\/\/api.w.org\/{rel}","templated":true}]}}