{"id":4505,"date":"2014-03-01T23:17:17","date_gmt":"2014-03-02T02:17:17","guid":{"rendered":"http:\/\/obispadodezaratecampana.org\/?p=4505"},"modified":"2014-03-01T23:17:17","modified_gmt":"2014-03-02T02:17:17","slug":"charla-y-retiro-por-el-inicio-de-la-cuaresma","status":"publish","type":"post","link":"https:\/\/obispadodezaratecampana.org\/?p=4505","title":{"rendered":"Charla y retiro por el inicio de la Cuaresma"},"content":{"rendered":"<p>Les transmitimos esta informaci\u00f3n sobre una Charla- Retiro que se estar\u00e1 realizando con motivo del inicio de la Cuaresma 2014, en la Pquia. Ntra. Sra. del Carmen de Z\u00e1rate:<\/p>\n<p><em>El d\u00eda 8\/3 est\u00e1n invitados TODOS los j\u00f3venes a la Pquia. Ntra.\u00a0\u00a0Se\u00f1ora Del Carmen Z\u00e1rate\u00a0a las 20.30 hs para participar de una charla informativa sobre cuaresma dada por el Padre Mario. La misma se extender\u00e1 hasta las 23 hs aproximadamente, por lo que compartiremos una rica cena.\u00a0<\/em><\/p>\n<p><em>El d\u00eda 9\/3 continuar\u00e1 este encuentro, con un peque\u00f1o retiro abierto de cuaresma desde las 15 hs hasta las 18 hs.<\/em><\/p>\n<p><em>Est\u00e1n invitados TODOS LOS J\u00d3VENES! \u00a0<\/em><em>Los esperamos!!<\/em><\/p>\n<p><em><\/em>Este es el enlace del evento en facebook de la charla retiro:<\/p>\n<p><a title=\"Retiro de Cuaresma \" href=\"https:\/\/www.facebook.com\/events\/830142567002052\/?fref=ts\">https:\/\/www.facebook.com\/events\/830142567002052\/?fref=ts<\/a><\/p>\n<!-- AddThis Advanced Settings generic via filter on the_content --><!-- AddThis Share Buttons generic via filter on the_content -->","protected":false},"excerpt":{"rendered":"<p>Les transmitimos esta informaci\u00f3n sobre una Charla- Retiro que se estar\u00e1 realizando con motivo del inicio de la Cuaresma 2014, en la Pquia. Ntra. Sra. [&hellip;]<!-- AddThis Advanced Settings generic via filter on get_the_excerpt --><!-- AddThis Share Buttons generic via filter on get_the_excerpt --><\/p>\n","protected":false},"author":2,"featured_media":4507,"comment_status":"open","ping_status":"closed","sticky":false,"template":"","format":"standard","meta":{"footnotes":""},"categories":[3],"tags":[],"class_list":["post-4505","post","type-post","status-publish","format-standard","has-post-thumbnail","hentry","category-noticiasparroquiales"],"_links":{"self":[{"href":"https:\/\/obispadodezaratecampana.org\/index.php?rest_route=\/wp\/v2\/posts\/4505","targetHints":{"allow":["GET"]}}],"collection":[{"href":"https:\/\/obispadodezaratecampana.org\/index.php?rest_route=\/wp\/v2\/posts"}],"about":[{"href":"https:\/\/obispadodezaratecampana.org\/index.php?rest_route=\/wp\/v2\/types\/post"}],"author":[{"embeddable":true,"href":"https:\/\/obispadodezaratecampana.org\/index.php?rest_route=\/wp\/v2\/users\/2"}],"replies":[{"embeddable":true,"href":"https:\/\/obispadodezaratecampana.org\/index.php?rest_route=%2Fwp%2Fv2%2Fcomments&post=4505"}],"version-history":[{"count":1,"href":"https:\/\/obispadodezaratecampana.org\/index.php?rest_route=\/wp\/v2\/posts\/4505\/revisions"}],"predecessor-version":[{"id":4508,"href":"https:\/\/obispadodezaratecampana.org\/index.php?rest_route=\/wp\/v2\/posts\/4505\/revisions\/4508"}],"wp:featuredmedia":[{"embeddable":true,"href":"https:\/\/obispadodezaratecampana.org\/index.php?rest_route=\/wp\/v2\/media\/4507"}],"wp:attachment":[{"href":"https:\/\/obispadodezaratecampana.org\/index.php?rest_route=%2Fwp%2Fv2%2Fmedia&parent=4505"}],"wp:term":[{"taxonomy":"category","embeddable":true,"href":"https:\/\/obispadodezaratecampana.org\/index.php?rest_route=%2Fwp%2Fv2%2Fcategories&post=4505"},{"taxonomy":"post_tag","embeddable":true,"href":"https:\/\/obispadodezaratecampana.org\/index.php?rest_route=%2Fwp%2Fv2%2Ftags&post=4505"}],"curies":[{"name":"wp","href":"https:\/\/api.w.org\/{rel}","templated":true}]}}