{"id":4501,"date":"2014-03-01T22:56:25","date_gmt":"2014-03-02T01:56:25","guid":{"rendered":"http:\/\/obispadodezaratecampana.org\/?p=4501"},"modified":"2014-03-01T22:56:25","modified_gmt":"2014-03-02T01:56:25","slug":"calendario-de-las-celebraciones-liturgicas-que-el-papa-presidira-en-marzo-y-abril","status":"publish","type":"post","link":"https:\/\/obispadodezaratecampana.org\/?p=4501","title":{"rendered":"Calendario de las celebraciones lit\u00fargicas que el Papa presidir\u00e1 en marzo y abril"},"content":{"rendered":"<p>&#8211; El 5 de marzo, Mi\u00e9rcoles de Ceniza, el Papa presidir\u00e1 en la Bas\u00edlica de San Anselmo, a las 16.30 la Statio con la procesi\u00f3n penitencial y las 17.00 en la Bas\u00edlica romana de Santa Sabina, celebrar\u00e1 la Santa Misa, con la bendici\u00f3n e imposici\u00f3n de las cenizas.<\/p>\n<p>-El 9 de marzo, I Domingo de Cuaresma, comenzar\u00e1n, en la localidad de Ariccia, los ejercicios espirituales de la Curia Romana, que concluir\u00e1n el viernes 14 de marzo.<\/p>\n<p>-El domingo 16 de marzo, a las 16.00, el Papa Francisco realizar\u00e1 una Visita pastoral a la Parroquia romana de Santa Mar\u00eda de la Oraci\u00f3n.<\/p>\n<p>-El viernes 28 de marzo, a las 17.00, en la Bas\u00edlica Vaticana el Pont\u00edfice presidir\u00e1 la Liturgia penitencial.<\/p>\n<p>-El domingo 6 de abril el Santo Padre Francisco realizar\u00e1, a partir de las 16.00, una Visita pastoral a otra parroquia de su di\u00f3cesis.<\/p>\n<p>-El 13 de abril, Domingo de Ramos y de la Pasi\u00f3n del Se\u00f1or, a las 9.30 en la Plaza de San Pedro, el Papa celebrar\u00e1 la Santa Misa precedida por la procesi\u00f3n y bendici\u00f3n de las palmas.<\/p>\n<p>-El 17 de abril, Jueves Santo, el Papa Francisco celebrar\u00e1 en la Bas\u00edlica de San Pedro, a las 9.30, la Santa Misa Crismal.<\/p>\n<p>-Al d\u00eda siguiente, 18 de abril, Viernes Santo, el Pont\u00edfice presidir\u00e1 la celebraci\u00f3n de la Pasi\u00f3n del Se\u00f1or, a las 17.00 en la Bas\u00edlica Vaticana.<br \/>\nY a las 21.15 en el Coliseo de Roma, presidir\u00e1 el V\u00eda Crucis.<\/p>\n<p>-El 19 de abril, S\u00e1bado Santo, en la Bas\u00edlica de San Pedro, a las 20.30 el Pont\u00edfice presidir\u00e1 la Vigilia Pascual en la Noche Santa.<\/p>\n<p>-Al d\u00eda siguiente, 20 de abril, Domingo de Pascua, a las 10.15 en la Plaza de San Pedro el Obispo de Roma celebrar\u00e1 la Santa Misa del d\u00eda y a mediod\u00eda, desde el balc\u00f3n central de la Bas\u00edlica Vaticana, impartir\u00e1 su Bendici\u00f3n \u201cUrbi et Orbi\u201d, es decir a la Ciudad y al mundo.<\/p>\n<p><em>-El 27 de abril, II Domingo de Pascua o de la Divina Misericordia, a las 10.00 en la Plaza de San Pedro el Papa Francisco celebrar\u00e1 la Misa y canonizar\u00e1 a los Beatos Papas Juan XXIII y Juan Pablo II.<\/em><\/p>\n<!-- AddThis Advanced Settings generic via filter on the_content --><!-- AddThis Share Buttons generic via filter on the_content -->","protected":false},"excerpt":{"rendered":"<p>&#8211; El 5 de marzo, Mi\u00e9rcoles de Ceniza, el Papa presidir\u00e1 en la Bas\u00edlica de San Anselmo, a las 16.30 la Statio con la procesi\u00f3n [&hellip;]<!-- AddThis Advanced Settings generic via filter on get_the_excerpt --><!-- AddThis Share Buttons generic via filter on get_the_excerpt --><\/p>\n","protected":false},"author":2,"featured_media":4502,"comment_status":"open","ping_status":"closed","sticky":false,"template":"","format":"standard","meta":{"footnotes":""},"categories":[161],"tags":[],"class_list":["post-4501","post","type-post","status-publish","format-standard","has-post-thumbnail","hentry","category-el-papa-leonxiv"],"_links":{"self":[{"href":"https:\/\/obispadodezaratecampana.org\/index.php?rest_route=\/wp\/v2\/posts\/4501","targetHints":{"allow":["GET"]}}],"collection":[{"href":"https:\/\/obispadodezaratecampana.org\/index.php?rest_route=\/wp\/v2\/posts"}],"about":[{"href":"https:\/\/obispadodezaratecampana.org\/index.php?rest_route=\/wp\/v2\/types\/post"}],"author":[{"embeddable":true,"href":"https:\/\/obispadodezaratecampana.org\/index.php?rest_route=\/wp\/v2\/users\/2"}],"replies":[{"embeddable":true,"href":"https:\/\/obispadodezaratecampana.org\/index.php?rest_route=%2Fwp%2Fv2%2Fcomments&post=4501"}],"version-history":[{"count":1,"href":"https:\/\/obispadodezaratecampana.org\/index.php?rest_route=\/wp\/v2\/posts\/4501\/revisions"}],"predecessor-version":[{"id":4503,"href":"https:\/\/obispadodezaratecampana.org\/index.php?rest_route=\/wp\/v2\/posts\/4501\/revisions\/4503"}],"wp:featuredmedia":[{"embeddable":true,"href":"https:\/\/obispadodezaratecampana.org\/index.php?rest_route=\/wp\/v2\/media\/4502"}],"wp:attachment":[{"href":"https:\/\/obispadodezaratecampana.org\/index.php?rest_route=%2Fwp%2Fv2%2Fmedia&parent=4501"}],"wp:term":[{"taxonomy":"category","embeddable":true,"href":"https:\/\/obispadodezaratecampana.org\/index.php?rest_route=%2Fwp%2Fv2%2Fcategories&post=4501"},{"taxonomy":"post_tag","embeddable":true,"href":"https:\/\/obispadodezaratecampana.org\/index.php?rest_route=%2Fwp%2Fv2%2Ftags&post=4501"}],"curies":[{"name":"wp","href":"https:\/\/api.w.org\/{rel}","templated":true}]}}