{"id":4483,"date":"2014-02-28T13:35:38","date_gmt":"2014-02-28T16:35:38","guid":{"rendered":"http:\/\/obispadodezaratecampana.org\/?p=4483"},"modified":"2014-02-28T13:35:38","modified_gmt":"2014-02-28T16:35:38","slug":"ntra-sra-de-fatima-zarate-inscripcion-para-la-catequesis","status":"publish","type":"post","link":"https:\/\/obispadodezaratecampana.org\/?p=4483","title":{"rendered":"Ntra. Sra. de F\u00e1tima (Z\u00e1rate): Inscripci\u00f3n para la catequesis"},"content":{"rendered":"<p><a href=\"http:\/\/obispadodezaratecampana.org\/wp-content\/uploads\/2014\/02\/cate5.jpg\"><img fetchpriority=\"high\" decoding=\"async\" class=\"aligncenter size-medium wp-image-4484\" alt=\"cate\" src=\"http:\/\/obispadodezaratecampana.org\/wp-content\/uploads\/2014\/02\/cate5-176x300.jpg\" width=\"176\" height=\"300\" srcset=\"https:\/\/obispadodezaratecampana.org\/wp-content\/uploads\/2014\/02\/cate5-176x300.jpg 176w, https:\/\/obispadodezaratecampana.org\/wp-content\/uploads\/2014\/02\/cate5.jpg 232w\" sizes=\"(max-width: 176px) 100vw, 176px\" \/><\/a>Este es el enlace del evento en facebook:<\/p>\n<p><a title=\"Catequesis 2014 en Pquia. de F\u00e1tima \" href=\"https:\/\/www.facebook.com\/events\/1377792052493862\/\">https:\/\/www.facebook.com\/events\/1377792052493862\/<\/a><\/p>\n<!-- AddThis Advanced Settings generic via filter on the_content --><!-- AddThis Share Buttons generic via filter on the_content -->","protected":false},"excerpt":{"rendered":"<p>Este es el enlace del evento en facebook: https:\/\/www.facebook.com\/events\/1377792052493862\/<!-- AddThis Advanced Settings generic via filter on get_the_excerpt --><!-- AddThis Share Buttons generic via filter on get_the_excerpt --><\/p>\n","protected":false},"author":2,"featured_media":4484,"comment_status":"open","ping_status":"closed","sticky":false,"template":"","format":"standard","meta":{"footnotes":""},"categories":[3],"tags":[],"class_list":["post-4483","post","type-post","status-publish","format-standard","has-post-thumbnail","hentry","category-noticiasparroquiales"],"_links":{"self":[{"href":"https:\/\/obispadodezaratecampana.org\/index.php?rest_route=\/wp\/v2\/posts\/4483","targetHints":{"allow":["GET"]}}],"collection":[{"href":"https:\/\/obispadodezaratecampana.org\/index.php?rest_route=\/wp\/v2\/posts"}],"about":[{"href":"https:\/\/obispadodezaratecampana.org\/index.php?rest_route=\/wp\/v2\/types\/post"}],"author":[{"embeddable":true,"href":"https:\/\/obispadodezaratecampana.org\/index.php?rest_route=\/wp\/v2\/users\/2"}],"replies":[{"embeddable":true,"href":"https:\/\/obispadodezaratecampana.org\/index.php?rest_route=%2Fwp%2Fv2%2Fcomments&post=4483"}],"version-history":[{"count":1,"href":"https:\/\/obispadodezaratecampana.org\/index.php?rest_route=\/wp\/v2\/posts\/4483\/revisions"}],"predecessor-version":[{"id":4485,"href":"https:\/\/obispadodezaratecampana.org\/index.php?rest_route=\/wp\/v2\/posts\/4483\/revisions\/4485"}],"wp:featuredmedia":[{"embeddable":true,"href":"https:\/\/obispadodezaratecampana.org\/index.php?rest_route=\/wp\/v2\/media\/4484"}],"wp:attachment":[{"href":"https:\/\/obispadodezaratecampana.org\/index.php?rest_route=%2Fwp%2Fv2%2Fmedia&parent=4483"}],"wp:term":[{"taxonomy":"category","embeddable":true,"href":"https:\/\/obispadodezaratecampana.org\/index.php?rest_route=%2Fwp%2Fv2%2Fcategories&post=4483"},{"taxonomy":"post_tag","embeddable":true,"href":"https:\/\/obispadodezaratecampana.org\/index.php?rest_route=%2Fwp%2Fv2%2Ftags&post=4483"}],"curies":[{"name":"wp","href":"https:\/\/api.w.org\/{rel}","templated":true}]}}