{"id":4408,"date":"2014-02-22T20:02:18","date_gmt":"2014-02-22T23:02:18","guid":{"rendered":"http:\/\/obispadodezaratecampana.org\/?p=4408"},"modified":"2014-02-22T20:02:18","modified_gmt":"2014-02-22T23:02:18","slug":"jornada-de-capacitacion-de-la-jurec-2014","status":"publish","type":"post","link":"https:\/\/obispadodezaratecampana.org\/?p=4408","title":{"rendered":"Jornada de capacitaci\u00f3n de la Jurec  2014"},"content":{"rendered":"<p>Durante la ma\u00f1ana del jueves 20 de febrero se realizo la Jornada de Capacitaci\u00f3n para escuelas cat\u00f3licas organizada por la Jurec de la di\u00f3cesis de Z\u00e1rate- Campana. Esta tuvo lugar en el Colegio Sto. Tom\u00e1s de Aquino del partido de Campana.<br \/>\nEl lema del encuentro fue una frase de SS Francisco: \u201c\u2026Tambi\u00e9n hoy, desde la pluralidad enriquecedora de propuestas educadoras, debemos volver a apostar a la educaci\u00f3n, todo.\u201d Cardenal Jorge Bergoglio 2002.<br \/>\nFue muy numerosa la participaci\u00f3n de personal de los colegios de toda la di\u00f3cesis.<\/p>\n<p>Actividades que se desarrollaron:<br \/>\n&#8211; La Hermana Mar\u00eda Trinidad Garro inici\u00f3 y concluy\u00f3 la jornada con un momento de oraci\u00f3n y meditaci\u00f3n.<br \/>\n&#8211; El presidente de la Jurec -Profesor Hector Mila- dirigi\u00f3 unas palabras de bienvenida.<br \/>\n&#8211; La Sra. Inspectora Jefe Regi\u00f3n XI DIPREGEP : Lic. Marcela Cordero se hizo presente en nombre de la Directora Provincial de Educaci\u00f3n Privada \u2013 Profesora Nora Pinedo .<br \/>\n&#8211; Taller central (del cual participaron todos los asistentes) acerca de la Aplicaci\u00f3n del Programa de Educaci\u00f3n Integral de la afectividad y sexualidad. Ley 26.150 y su implementaci\u00f3n en las escuelas cat\u00f3licas. Estuvo a cargo de la Lic. Liliana Olivieri de Perez Bicecci, Master en Educaci\u00f3n.<br \/>\n&#8211; Talleres espec\u00edficos para: 1. Representantes Legales \u2013 2.Equipos Administrativos-3. Personal de Maestranza.<br \/>\nEl Obispo Monse\u00f1or Oscar Sarlinga estuvo a cargo del Taller para Representantes Legales. Hablo acerca del rol de los RL y los lineamientos para este ciclo lectivo 2014 que reci\u00e9n comienza.<br \/>\nMiembros de los Grupos Scouts Maria Madre Nuestra ( Manuel Alberti )y Maximiliano Kolbe (Z\u00e1rate) estuvieron como servidores colaborando con diversas tareas: sirviendo cafe y galletitas, haciendo de gu\u00edas, etc.<br \/>\n<strong><\/strong><\/p>\n<p><strong>Palabras de Monse\u00f1or Oscar\u00a0<\/strong><\/p>\n<p>El Obispo dirigi\u00f3 algunas palabras a los asistentes. Se refiri\u00f3 al mensaje de esperanza del cristianismo, que radica en la Pascua. El Se\u00f1or ha muerto y resucitado, por tal motivo no debemos buscar entre los muertos al que est\u00e1 vivo. El Dios viviente es el centro de nuestra fe, mencion\u00f3 Monse\u00f1or.<br \/>\nLuego hizo alusi\u00f3n a la enc\u00edclica del Santo Padre , Lumen Fidei, exhort\u00e1ndonos a no perder de vista la importancia del amor, que es lo que hace \u00fanica y preciosa la vida del ser humano.<br \/>\nConcluyo invit\u00e1ndonos a tener en cuenta tanto en el itinerario educativo, como en el de nuestra vida, el mensaje de esperanza cristiana: \u201c \u00bfPor qu\u00e9 buscan entre los muertos al que est\u00e1 vivo?\u201d<\/p>\n<!-- AddThis Advanced Settings generic via filter on the_content --><!-- AddThis Share Buttons generic via filter on the_content -->","protected":false},"excerpt":{"rendered":"<p>Durante la ma\u00f1ana del jueves 20 de febrero se realizo la Jornada de Capacitaci\u00f3n para escuelas cat\u00f3licas organizada por la Jurec de la di\u00f3cesis de [&hellip;]<!-- AddThis Advanced Settings generic via filter on get_the_excerpt --><!-- AddThis Share Buttons generic via filter on get_the_excerpt --><\/p>\n","protected":false},"author":2,"featured_media":4431,"comment_status":"open","ping_status":"closed","sticky":false,"template":"","format":"standard","meta":{"footnotes":""},"categories":[1],"tags":[],"class_list":["post-4408","post","type-post","status-publish","format-standard","has-post-thumbnail","hentry","category-noticiasdiocesanas"],"_links":{"self":[{"href":"https:\/\/obispadodezaratecampana.org\/index.php?rest_route=\/wp\/v2\/posts\/4408","targetHints":{"allow":["GET"]}}],"collection":[{"href":"https:\/\/obispadodezaratecampana.org\/index.php?rest_route=\/wp\/v2\/posts"}],"about":[{"href":"https:\/\/obispadodezaratecampana.org\/index.php?rest_route=\/wp\/v2\/types\/post"}],"author":[{"embeddable":true,"href":"https:\/\/obispadodezaratecampana.org\/index.php?rest_route=\/wp\/v2\/users\/2"}],"replies":[{"embeddable":true,"href":"https:\/\/obispadodezaratecampana.org\/index.php?rest_route=%2Fwp%2Fv2%2Fcomments&post=4408"}],"version-history":[{"count":1,"href":"https:\/\/obispadodezaratecampana.org\/index.php?rest_route=\/wp\/v2\/posts\/4408\/revisions"}],"predecessor-version":[{"id":4432,"href":"https:\/\/obispadodezaratecampana.org\/index.php?rest_route=\/wp\/v2\/posts\/4408\/revisions\/4432"}],"wp:featuredmedia":[{"embeddable":true,"href":"https:\/\/obispadodezaratecampana.org\/index.php?rest_route=\/wp\/v2\/media\/4431"}],"wp:attachment":[{"href":"https:\/\/obispadodezaratecampana.org\/index.php?rest_route=%2Fwp%2Fv2%2Fmedia&parent=4408"}],"wp:term":[{"taxonomy":"category","embeddable":true,"href":"https:\/\/obispadodezaratecampana.org\/index.php?rest_route=%2Fwp%2Fv2%2Fcategories&post=4408"},{"taxonomy":"post_tag","embeddable":true,"href":"https:\/\/obispadodezaratecampana.org\/index.php?rest_route=%2Fwp%2Fv2%2Ftags&post=4408"}],"curies":[{"name":"wp","href":"https:\/\/api.w.org\/{rel}","templated":true}]}}