{"id":4359,"date":"2014-02-16T16:20:56","date_gmt":"2014-02-16T19:20:56","guid":{"rendered":"http:\/\/obispadodezaratecampana.org\/?p=4359"},"modified":"2014-02-16T16:20:56","modified_gmt":"2014-02-16T19:20:56","slug":"se-realizo-un-taller-formativo-en-zarate","status":"publish","type":"post","link":"https:\/\/obispadodezaratecampana.org\/?p=4359","title":{"rendered":"Se realiz\u00f3 un Taller formativo en Z\u00e1rate"},"content":{"rendered":"<p>El viernes 14 de febrero por la tarde se realiz\u00f3 el\u00a0Primer taller formativo Catequesis familiar en la Pquia. San Jose Obrero del partido de Z\u00e1rate.<\/p>\n<p>El lema del encuentro fue &#8220;ESPIRITUALIDAD DEL CATEQUISTA ( ESP\u00cdRITU DE DIOS )&#8221;<\/p>\n<p>Se realiz\u00f3 en un clima de mucha alegr\u00eda, esperanza y fe, donde los catequistas participantes experimentaron un encuentro personal con Jes\u00fas y renovaron el llamado a realizar su \u00a0misi\u00f3n con amor, para llevar \u00a0la buena noticia a los hermanos que mas lo necesitan.<\/p>\n<p>Les compartimos algunas im\u00e1genes de este encuentro.<\/p>\n<!-- AddThis Advanced Settings generic via filter on the_content --><!-- AddThis Share Buttons generic via filter on the_content -->","protected":false},"excerpt":{"rendered":"<p>El viernes 14 de febrero por la tarde se realiz\u00f3 el\u00a0Primer taller formativo Catequesis familiar en la Pquia. San Jose Obrero del partido de Z\u00e1rate. [&hellip;]<!-- AddThis Advanced Settings generic via filter on get_the_excerpt --><!-- AddThis Share Buttons generic via filter on get_the_excerpt --><\/p>\n","protected":false},"author":2,"featured_media":4368,"comment_status":"open","ping_status":"closed","sticky":false,"template":"","format":"standard","meta":{"footnotes":""},"categories":[3],"tags":[],"class_list":["post-4359","post","type-post","status-publish","format-standard","has-post-thumbnail","hentry","category-noticiasparroquiales"],"_links":{"self":[{"href":"https:\/\/obispadodezaratecampana.org\/index.php?rest_route=\/wp\/v2\/posts\/4359","targetHints":{"allow":["GET"]}}],"collection":[{"href":"https:\/\/obispadodezaratecampana.org\/index.php?rest_route=\/wp\/v2\/posts"}],"about":[{"href":"https:\/\/obispadodezaratecampana.org\/index.php?rest_route=\/wp\/v2\/types\/post"}],"author":[{"embeddable":true,"href":"https:\/\/obispadodezaratecampana.org\/index.php?rest_route=\/wp\/v2\/users\/2"}],"replies":[{"embeddable":true,"href":"https:\/\/obispadodezaratecampana.org\/index.php?rest_route=%2Fwp%2Fv2%2Fcomments&post=4359"}],"version-history":[{"count":1,"href":"https:\/\/obispadodezaratecampana.org\/index.php?rest_route=\/wp\/v2\/posts\/4359\/revisions"}],"predecessor-version":[{"id":4374,"href":"https:\/\/obispadodezaratecampana.org\/index.php?rest_route=\/wp\/v2\/posts\/4359\/revisions\/4374"}],"wp:featuredmedia":[{"embeddable":true,"href":"https:\/\/obispadodezaratecampana.org\/index.php?rest_route=\/wp\/v2\/media\/4368"}],"wp:attachment":[{"href":"https:\/\/obispadodezaratecampana.org\/index.php?rest_route=%2Fwp%2Fv2%2Fmedia&parent=4359"}],"wp:term":[{"taxonomy":"category","embeddable":true,"href":"https:\/\/obispadodezaratecampana.org\/index.php?rest_route=%2Fwp%2Fv2%2Fcategories&post=4359"},{"taxonomy":"post_tag","embeddable":true,"href":"https:\/\/obispadodezaratecampana.org\/index.php?rest_route=%2Fwp%2Fv2%2Ftags&post=4359"}],"curies":[{"name":"wp","href":"https:\/\/api.w.org\/{rel}","templated":true}]}}