{"id":4342,"date":"2014-02-13T13:45:32","date_gmt":"2014-02-13T16:45:32","guid":{"rendered":"http:\/\/obispadodezaratecampana.org\/?p=4342"},"modified":"2014-02-13T13:45:32","modified_gmt":"2014-02-13T16:45:32","slug":"parroquia-santa-teresa-de-jesus-en-garin","status":"publish","type":"post","link":"https:\/\/obispadodezaratecampana.org\/?p=4342","title":{"rendered":"Parroquia Santa Teresa de Jesus en Gar\u00edn"},"content":{"rendered":"<p>Avisos parroquiales con actividades que se estar\u00e1n desarrollando en la Pquia. Santa Teresa de Jesus en Gar\u00edn:<\/p>\n<p>-PARA TODAS\/TODOS LOS CATEQUISTAS DE PARROQUIA SANTA TERESA Y LOS QUE DESEEN SERLO:\u00a0COMIENZA LA FORMACI\u00d3N DE CATEQUISTAS, DESDE EL MARTES 18-2; TODOS LOS MARTES Y JUEVES EN DOS HORARIOS, POR LA MA\u00d1ANA: DE 10 A 11:30 HS; POR LA TARDE DE 18 A 19:30 HS HASTA EL MES DE MARZO.<\/p>\n<p>-RETIRO DE CATEQUISTAS: S\u00c1BADO 8-3 HORARIO Y LUGAR A CONVENIR.<\/p>\n<p>-MISA DE ENV\u00cdO DE CATEQUISTAS: DOMINGO 9-3 EN MISA DE NI\u00d1OS A PARTIR DE LAS 10:30 HS (COMIENZA LA MISA CON NI\u00d1OS)<\/p>\n<p>-CATEQUESIS DE INICIACI\u00d3N: COMIENZA MARTES 11-3.<\/p>\n<p>-INSCRIPCIONES DE J\u00d3VENES Y ADULTOS : SACRAMENTOS DE INICIACI\u00d3N 2014.\u00a0TODOS LOS DOMINGOS DESDE EL 16-2 EN DOS HORARIOS POR LA MA\u00d1ANA: DE 9 HS HASTA FINALIZAR MISA DE NI\u00d1OS; DE TARDE DE 18 A 20 HS. REQUISITOS: FOTOCOPIA DE DNI, FOTOCOPIA DE FE DE BAUTISMO O LIBRETA DE MATRIMONIO DONDE FIGURE EL BAUTISMO DE LA PERSONA QUE VA A TOMAR LOS SACRAMENTOS.<\/p>\n<p>-VIERNES 14-2: &#8220;GRAN ENCUENTRO FAMILIAR PARA CELEBRAR EL DIA DEL AMOR Y LA AMISTAD&#8221;.<\/p>\n<p>EN EL SALON PARROQUIAL DEL PADRE PERNA A PARTIR DE LAS 21:00 HS.<\/p>\n<p>Al mejor estilo mexicano podr\u00e1n disfrutar de divertidos juegos,rifas ,sorteos y la venta de los tradicionales tacos mexicanos .<\/p>\n<p>El objetivo de este evento es recaudar fondos para la colegiatura de los Hnos y Hnas Disc\u00edpulos de Jes\u00fas.<\/p>\n<p>Invitan Hermanos y Hermanas Disc\u00edpulos de Jes\u00fas de San Juan Bautista<br \/>\nEntrada Libre y Gratuita.<\/p>\n<p>Les compartimos el enlace de la parroquia Santa Teresa de Jes\u00fas (copiar y pegar el enlace en la barra de direcciones del navegador) https:\/\/www.facebook.com\/parroquia.santateresadejesus.14<\/p>\n<!-- AddThis Advanced Settings generic via filter on the_content --><!-- AddThis Share Buttons generic via filter on the_content -->","protected":false},"excerpt":{"rendered":"<p>Avisos parroquiales con actividades que se estar\u00e1n desarrollando en la Pquia. Santa Teresa de Jesus en Gar\u00edn: -PARA TODAS\/TODOS LOS CATEQUISTAS DE PARROQUIA SANTA TERESA [&hellip;]<!-- AddThis Advanced Settings generic via filter on get_the_excerpt --><!-- AddThis Share Buttons generic via filter on get_the_excerpt --><\/p>\n","protected":false},"author":2,"featured_media":4343,"comment_status":"open","ping_status":"closed","sticky":false,"template":"","format":"standard","meta":{"footnotes":""},"categories":[3],"tags":[],"class_list":["post-4342","post","type-post","status-publish","format-standard","has-post-thumbnail","hentry","category-noticiasparroquiales"],"_links":{"self":[{"href":"https:\/\/obispadodezaratecampana.org\/index.php?rest_route=\/wp\/v2\/posts\/4342","targetHints":{"allow":["GET"]}}],"collection":[{"href":"https:\/\/obispadodezaratecampana.org\/index.php?rest_route=\/wp\/v2\/posts"}],"about":[{"href":"https:\/\/obispadodezaratecampana.org\/index.php?rest_route=\/wp\/v2\/types\/post"}],"author":[{"embeddable":true,"href":"https:\/\/obispadodezaratecampana.org\/index.php?rest_route=\/wp\/v2\/users\/2"}],"replies":[{"embeddable":true,"href":"https:\/\/obispadodezaratecampana.org\/index.php?rest_route=%2Fwp%2Fv2%2Fcomments&post=4342"}],"version-history":[{"count":1,"href":"https:\/\/obispadodezaratecampana.org\/index.php?rest_route=\/wp\/v2\/posts\/4342\/revisions"}],"predecessor-version":[{"id":4348,"href":"https:\/\/obispadodezaratecampana.org\/index.php?rest_route=\/wp\/v2\/posts\/4342\/revisions\/4348"}],"wp:featuredmedia":[{"embeddable":true,"href":"https:\/\/obispadodezaratecampana.org\/index.php?rest_route=\/wp\/v2\/media\/4343"}],"wp:attachment":[{"href":"https:\/\/obispadodezaratecampana.org\/index.php?rest_route=%2Fwp%2Fv2%2Fmedia&parent=4342"}],"wp:term":[{"taxonomy":"category","embeddable":true,"href":"https:\/\/obispadodezaratecampana.org\/index.php?rest_route=%2Fwp%2Fv2%2Fcategories&post=4342"},{"taxonomy":"post_tag","embeddable":true,"href":"https:\/\/obispadodezaratecampana.org\/index.php?rest_route=%2Fwp%2Fv2%2Ftags&post=4342"}],"curies":[{"name":"wp","href":"https:\/\/api.w.org\/{rel}","templated":true}]}}