{"id":4318,"date":"2014-02-11T00:55:29","date_gmt":"2014-02-11T03:55:29","guid":{"rendered":"http:\/\/obispadodezaratecampana.org\/?p=4318"},"modified":"2014-02-16T16:44:51","modified_gmt":"2014-02-16T19:44:51","slug":"11-de-febrero-virgen-de-lourdes","status":"publish","type":"post","link":"https:\/\/obispadodezaratecampana.org\/?p=4318","title":{"rendered":"11 de febrero: Virgen de Lourdes"},"content":{"rendered":"<p>El martes 11 de febrero se celebra una de las advocaciones mundialmente mas populares y reconocidas de nuestra Sant\u00edsima Madre: Ntra. Sra. de Lourdes.<\/p>\n<p>En la di\u00f3cesis se festejar\u00e1 especialmente dicha advocaci\u00f3n en algunos lugares. En la ermita constru\u00edda en su honor, ubicada a unas cuadras del Hospital Virgen del Carmen en Z\u00e1rate; \u00a0en el Hogar del Ni\u00f1o Ntra. Sra. de Lourdes del partido de Campana; \u00a0en la Capilla Ntra. Sra. de Lourdes de Gar\u00edn y en el centro de caridad social llamado &#8220;Nuestra Se\u00f1ora de Lourdes&#8221; en Maquinista Savio entre otros.<\/p>\n<p>Les compartimos a continuaci\u00f3n detalles acerca de las celebraciones:<\/p>\n<p>&#8211; <em>Campana: martes 11 de febrero en Hogar del Ni\u00f1o Ntra. Sra. de Lourdes (calle Corrientes 117).<\/em><\/p>\n<p><em>18:30 hs SANTA MISA<\/em><\/p>\n<p>&#8211; <em>Gar\u00edn: martes 11 de febrero en Capilla Ntra. Sra. de Lourdes (perteneciente a la Pquia. Santa Teresa de\u00a0Jes\u00fas).<\/em><\/p>\n<p><em>17:00 hs EXPOSICI\u00d3N DEL SANT\u00cdSIMO<\/em><br \/>\n<em> 17:30 hs REZO DE LA NOVENA Y SANTO ROSARIO<\/em><br \/>\n<em> 18:00 hs SANTA EUCARIST\u00cdA<\/em><\/p>\n<p>&#8211; <em>Maquinista Savio: domingo 16 de febrero (se traslada la celebraci\u00f3n) en el\u00a0barrio &#8220;Santa Br\u00edgida&#8221; de Maquinista Savio, en el centro de caridad social, llamado &#8220;Nuestra Se\u00f1ora de Lourdes&#8221; de la hermana Laurentina Bussano y su asociaci\u00f3n de fieles colaboradores.\u00a0<\/em><\/p>\n<p><em>En horas de la tarde :\u00a0PROCESI\u00d3N, MISA y COMPARTIR FRATERNO; con la presencia del\u00a0OBISPO.<\/em><\/p>\n<p><em>17: oo hs \u00a0CONFESIONES<\/em><\/p>\n<p><em>18:30 hs \u00a0<\/em><i>PROCESION<\/i><\/p>\n<p><em>19:00 hs \u00a0MISA<\/em><\/p>\n<p>&#8211; <em>Z\u00e1rate: martes 11 de febrero en Ermita de San Cayetano (entre calles Matheu y Andrade)<\/em><\/p>\n<p><em>17:30 hs REZO DEL SANTO ROSARIO<\/em><\/p>\n<p><em>18:00 hs SANTA MISA<\/em><\/p>\n<p><strong>Jornada Mundial del Enfermo<\/strong><\/p>\n<p>La Iglesia reconoce en los enfermos &#8220;una presencia especial de Cristo sufriente&#8221;, dice el papa Francisco en su mensaje para la XXII Jornada Mundial del Enfermo, que se celebra el 11 de febrero, memoria lit\u00fargica de Nuestra Se\u00f1ora de Lourdes, sobre el tema: &#8220;La fe y la caridad: tambi\u00e9n nosotros debemos dar la vida por los hermanos&#8221;.<\/p>\n<p>En el texto, difundido el s\u00e1bado 7 de diciembre, por la sala de prensa de la Santa Sede, el Pont\u00edfice habla de esperanza, &#8220;porque en el plan de amor de Dios, incluso en la noche del dolor se abre la luz de la Pascua&#8221;, y de coraje &#8220;para hacer frente a cualquier adversidad en su compa\u00f1\u00eda, unidos a \u00c9l&#8221;.<\/p>\n<p>El Santo Padre recuerda tambi\u00e9n que Jes\u00fas tom\u00f3 sobre s\u00ed la enfermedad y el sufrimiento, transform\u00e1ndolos a la luz de &#8220;una vida nueva en plenitud&#8221; que cambia las experiencias negativas en positivas.<\/p>\n<p>As\u00ed, pues, siguiendo el camino de Cristo, que se entreg\u00f3 por amor, tambi\u00e9n nosotros &#8220;podemos amar a los dem\u00e1s como Dios nos ha amado, dando la vida por nuestros hermanos&#8221;, subraya el Papa. Adem\u00e1s, &#8220;la fe en Dios bueno &#8211; escribe el Pont\u00edfice &#8211; se convierte en la bondad, la fe en Cristo crucificado se convierte en fuerza de amar hasta el final e incluso a nuestros enemigos\u201d.<\/p>\n<p>Acerc\u00e1ndonos con ternura &#8220;a aquellos que est\u00e1n necesitados de atenci\u00f3n &#8211; contin\u00faa el Santo Padre &#8211; llevamos la esperanza y la sonrisa de Dios en las contradicciones del mundo&#8221;. Una generosa entrega a los dem\u00e1s que se convierte en el estilo de nuestras acciones.<\/p>\n<p>Y Mar\u00eda es el modelo cristiano &#8220;para crecer en la ternura, en la caridad respetuosa y delicada\u201d. &#8220;La Sant\u00edsima Virgen, madre de los enfermos y de los que sufren, permanece &#8220;al lado de nuestras cruces y nos acompa\u00f1a en el camino hacia la resurrecci\u00f3n y la vida plena&#8221;, asegura el Papa.<\/p>\n<p>Adem\u00e1s, para el Pont\u00edfice la Cruz &#8220;es la certeza del amor fiel de Dios por nosotros&#8221;, que &#8220;nos invita a dejarnos contagiar por este amor, nos ense\u00f1a a mirar siempre a los dem\u00e1s con misericordia y amor, especialmente a los que sufren, a los que necesitan ayuda\u201d.<\/p>\n<p>Por \u00faltimo, el papa Francisco exhorta a vivir esta Jornada Mundial de los Enfermos &#8220;en comuni\u00f3n con Jesucristo&#8221; apoyando a los que cuidan de los enfermos y los que sufren.<\/p>\n<p><strong>Historia de la aparici\u00f3n de la Virgen Sant\u00edsma en Lourdes<\/strong><\/p>\n<p>El 11 de febrero de 1858, Bernadette, una ni\u00f1a de catorce a\u00f1os, recog\u00eda le\u00f1a en Massbielle, en las afueras de Lourdes, cuando acerc\u00e1ndose a una gruta, un viento la sorprendi\u00f3 y vio una nube dorada y a una Se\u00f1ora vestida de blanco, con sus pies descalzos cubiertos por dos rosas doradas, que parec\u00edan apoyarse sobre las ramas de un rosal, en su cintura tenia una ancha cinta azul, sus manos juntas estaban en posici\u00f3n de oraci\u00f3n y llevaba un rosario.<\/p>\n<p>Bernadette al principio se asusto, pero luego comenz\u00f3 a rezar el rosario que siempre llevaba consigo, al mismo tiempo que la ni\u00f1a, la Se\u00f1ora pasaba las cuentas del suyo entre sus dedos, al finalizar, la Virgen Mar\u00eda retrocedi\u00f3 hacia la Gruta y desapareci\u00f3. Estas apariciones se repitieron 18 veces, hasta el d\u00eda 16 de julio.<\/p>\n<p>El 18 de febrero en la tercera aparici\u00f3n la Virgen le dijo a Bernadette: &#8220;Ven aqu\u00ed durante quince d\u00edas seguidos&#8221;. La ni\u00f1a le prometi\u00f3 hacerlo y la Se\u00f1ora le expres\u00f3 &#8220;Yo te prometo que ser\u00e1s muy feliz, no en este mundo, sino en el otro&#8221;.<\/p>\n<p>La noticia de las apariciones se corri\u00f3 por toda la comarca, y muchos acud\u00edan a la gruta creyendo en el suceso, otros se burlaban.<\/p>\n<p>En la novena aparici\u00f3n, el 25 de febrero, la Se\u00f1ora mando a Santa Bernadette a beber y lavarse los pies en el agua de una fuente, se\u00f1al\u00e1ndole el fondo de la gruta. La ni\u00f1a no la encontr\u00f3, pero obedeci\u00f3 la solicitud de la Virgen, y escarb\u00f3 en el suelo, produci\u00e9ndose el primer brote del milagroso manantial de Lourdes.<\/p>\n<p>En las apariciones, la Se\u00f1ora exhort\u00f3 a la ni\u00f1a a rogar por los pecadores, manifest\u00f3 el deseo de que en el lugar sea erigida una capilla y mando a Bernadette a besar la tierra, como acto de penitencia para ella y para otros, el pueblo presente en el lugar tambi\u00e9n la imito y hasta el d\u00eda de hoy, esta pr\u00e1ctica contin\u00faa.<\/p>\n<p>El 25 de marzo, a pedido del p\u00e1rroco del lugar, la ni\u00f1a pregunta a la Se\u00f1ora \u00bfQuien eres?, y ella le responde: &#8220;Yo soy la Inmaculada Concepci\u00f3n&#8221;.<\/p>\n<p>Luego Bernadette fue a contarle al sacerdote, y \u00e9l quedo asombrado, pues era casi imposible que una jovencita analfabeta pudiese saber sobre el dogma de la Inmaculada Concepci\u00f3n, declarado por el Papa P\u00edo IX en 1854.<br \/>\nEn la aparici\u00f3n del d\u00eda 5 de abril, la ni\u00f1a permanece en \u00e9xtasis, sin quemarse por la vela que se consume entre sus manos.<\/p>\n<p>El 16 de julio de 1858, la Virgen Mar\u00eda aparece por \u00faltima vez y se despide de Bernadette.<\/p>\n<p>En el lugar se comenz\u00f3 a construirse un Santuario, el Papa P\u00edo IX le dio el titulo de Bas\u00edlica en 1874. Las apariciones fueron declaradas aut\u00e9nticas el 18 de Enero 1862.<\/p>\n<p>Lourdes es uno de los lugares de mayor peregrinaje en el mundo, millones de personas acuden cada a\u00f1o y much\u00edsimos enfermos han sido sanados en sus aguas milagrosas.<\/p>\n<p>La fiesta de Nuestra Se\u00f1ora de Lourdes se celebra el d\u00eda de su primera aparici\u00f3n, el 11 de febrero.<\/p>\n<p><strong>El mensaje de la Virgen<\/strong><\/p>\n<p>El Mensaje que la Sant\u00edsima Virgen dio en Lourdes, Francia, en 1858, puede resumirse en los siguientes puntos:<\/p>\n<p><em>1-Es un agradecimiento del cielo por la definici\u00f3n del dogma de la Inmaculada Concepci\u00f3n, que se hab\u00eda declarado cuatro a\u00f1os antes (1854), al mismo tiempo que as\u00ed se presenta Ella misma como Madre y modelo de pureza para el mundo que est\u00e1 necesitado de esta virtud.<\/em><\/p>\n<p><em>2-Es una exaltaci\u00f3n a la virtudes de la pobreza y humildad aceptadas cristianamente, al escoger a Bernardita como instrumento de su mensaje.<\/em><\/p>\n<p><em>3-Un mensaje important\u00edsimo en Lourdes es el de la Cruz. La Sant\u00edsima Virgen le repite que lo importante es ser feliz en la otra vida, aunque para ello sea preciso aceptar la cruz.<\/em><\/p>\n<p><em>4-Importancia de la oraci\u00f3n, del rosario, de la penitencia y humildad (besando el suelo como se\u00f1al de ello); tambi\u00e9n, un mensaje de misericordia infinita para los pecadores y del cuidado de los enfermos.<\/em><\/p>\n<p><strong>Vida de Santa Bernardette (Bernardita)<\/strong><\/p>\n<p>Santa Bernadette Soubirous \u00a0naci\u00f3 el 7 de enero, de 1844, en el pueblo de Lourdes, Francia.<\/p>\n<p>Su nombre era Marie Bernard, pero la llamaban Bernadette. Su salud era precaria, desde ni\u00f1a fue asm\u00e1tica, tiempo despu\u00e9s de las apariciones, fue admitida en la Comunidad de Hijas de la Caridad de Nevers. En julio de 1866 comenz\u00f3 su noviciado y el 22 de septiembre de 1878 pronunci\u00f3 sus votos, falleci\u00f3 unos meses despu\u00e9s, el d\u00eda 16 de Abril de 1879.<\/p>\n<p>La vida de Bernadette, despu\u00e9s de las apariciones estuvo llena de enfermedades y humillaciones, soporto muchos dolores, tenia tuberculosis, un tumor en la rodilla, problemas en los o\u00eddos.<\/p>\n<p>En los primeros a\u00f1os con las monjas, la Santa jovencita sufri\u00f3 mucho, no solo por su mala salud, sino tambi\u00e9n a causa que la Madre superiora del lugar que no cre\u00eda en sus enfermedades, inclusive dec\u00eda que cojeaba de su pierna para llamar la atenci\u00f3n.<\/p>\n<p>Como religiosa se dedic\u00f3 a ser asistente de enfermer\u00eda y m\u00e1s tarde cuando ya estuvo muy mal de salud, fue sacristana. Antes de morir dijo: &#8220;Ruega Se\u00f1ora por esta pobre pecadora&#8221;.<\/p>\n<p><em>Santa Bernardita Incorrupta:<\/em> 30 a\u00f1os m\u00e1s tarde, su cad\u00e1ver fue exhumado, y hallado en perfecto estado de conservaci\u00f3n, unos a\u00f1os despu\u00e9s, poco antes de su Beatificaci\u00f3n, efectuada el 12 de Junio de 1925, se realiz\u00f3 un segundo reconocimiento del cuerpo, el cual segu\u00eda intacto.<\/p>\n<p>Bernadette fue Canonizada el 8 de Diciembre de 1933. Su cuerpo incorrupto todav\u00eda puede verse en el Convento de Nevers, dentro de un f\u00e9retro de cristal. La festividad de la Santa se celebra el 16 de Abril.<\/p>\n<p><em>Pueden leer en el \u00e1lbum de fotos -llamado &#8220;11 de febrero: Virgen de Lourdes- publicado en la cuenta de facebook del Obispado y en el perfil de facebook de Monse\u00f1or Oscar Sarlinga, los mensajes de la Sant\u00edsma Virgen, d\u00eda por d\u00eda (copiar y pegar el enlace de facebook en la barra de direcciones del navegador):\u00a0<\/em><\/p>\n<p><em><\/em>https:\/\/www.facebook.com\/obispadozc\/media_set?set=a.681676895217734.1073741877.100001262880895&amp;type=3<\/p>\n<p>&nbsp;<\/p>\n<p>&nbsp;<\/p>\n<!-- AddThis Advanced Settings generic via filter on the_content --><!-- AddThis Share Buttons generic via filter on the_content -->","protected":false},"excerpt":{"rendered":"<p>El martes 11 de febrero se celebra una de las advocaciones mundialmente mas populares y reconocidas de nuestra Sant\u00edsima Madre: Ntra. Sra. de Lourdes. En [&hellip;]<!-- AddThis Advanced Settings generic via filter on get_the_excerpt --><!-- AddThis Share Buttons generic via filter on get_the_excerpt --><\/p>\n","protected":false},"author":2,"featured_media":4326,"comment_status":"open","ping_status":"closed","sticky":false,"template":"","format":"standard","meta":{"footnotes":""},"categories":[1],"tags":[],"class_list":["post-4318","post","type-post","status-publish","format-standard","has-post-thumbnail","hentry","category-noticiasdiocesanas"],"_links":{"self":[{"href":"https:\/\/obispadodezaratecampana.org\/index.php?rest_route=\/wp\/v2\/posts\/4318","targetHints":{"allow":["GET"]}}],"collection":[{"href":"https:\/\/obispadodezaratecampana.org\/index.php?rest_route=\/wp\/v2\/posts"}],"about":[{"href":"https:\/\/obispadodezaratecampana.org\/index.php?rest_route=\/wp\/v2\/types\/post"}],"author":[{"embeddable":true,"href":"https:\/\/obispadodezaratecampana.org\/index.php?rest_route=\/wp\/v2\/users\/2"}],"replies":[{"embeddable":true,"href":"https:\/\/obispadodezaratecampana.org\/index.php?rest_route=%2Fwp%2Fv2%2Fcomments&post=4318"}],"version-history":[{"count":12,"href":"https:\/\/obispadodezaratecampana.org\/index.php?rest_route=\/wp\/v2\/posts\/4318\/revisions"}],"predecessor-version":[{"id":4377,"href":"https:\/\/obispadodezaratecampana.org\/index.php?rest_route=\/wp\/v2\/posts\/4318\/revisions\/4377"}],"wp:featuredmedia":[{"embeddable":true,"href":"https:\/\/obispadodezaratecampana.org\/index.php?rest_route=\/wp\/v2\/media\/4326"}],"wp:attachment":[{"href":"https:\/\/obispadodezaratecampana.org\/index.php?rest_route=%2Fwp%2Fv2%2Fmedia&parent=4318"}],"wp:term":[{"taxonomy":"category","embeddable":true,"href":"https:\/\/obispadodezaratecampana.org\/index.php?rest_route=%2Fwp%2Fv2%2Fcategories&post=4318"},{"taxonomy":"post_tag","embeddable":true,"href":"https:\/\/obispadodezaratecampana.org\/index.php?rest_route=%2Fwp%2Fv2%2Ftags&post=4318"}],"curies":[{"name":"wp","href":"https:\/\/api.w.org\/{rel}","templated":true}]}}