{"id":4311,"date":"2014-02-06T02:27:12","date_gmt":"2014-02-06T05:27:12","guid":{"rendered":"http:\/\/obispadodezaratecampana.org\/?p=4311"},"modified":"2014-02-06T02:51:12","modified_gmt":"2014-02-06T05:51:12","slug":"mensaje-de-nuestro-obispo-monsenor-oscar-sarlinga","status":"publish","type":"post","link":"https:\/\/obispadodezaratecampana.org\/?p=4311","title":{"rendered":"Mensaje de nuestro Obispo Monse\u00f1or Oscar Sarlinga"},"content":{"rendered":"<p>Queridos hermanos:<\/p>\n<p>Los saludo fraternamente a la vez que les dirijo unas l\u00edneas, con el car\u00e1cter directo y respetuoso que procuro cultivar, tambi\u00e9n puesto que nunca he estado provisto de vocero o de intermediaci\u00f3n en este tipo de comunicaciones.<\/p>\n<p>Hace ya cierto tiempo que algunas versiones procuran descalificar o directamente injuriar la persona y acci\u00f3n de Pastores de la Iglesia, no menos de quien habla. Procurar\u00e9 referirme de modo sucinto s\u00f3lo a dos aspectos sobre los que considero, ahora s\u00ed, mi obligaci\u00f3n de presentar la informaci\u00f3n real. En otras oportunidades, puesto que esta continuidad ha descripto un arco de tiempo nada menor, he preferido ofrecer, callar, orar y perdonar. Cuando se trata de lo institucional de la Iglesia, de la pastoral, o del &#8220;principio de comuni\u00f3n eclesial&#8221; es diferente.<\/p>\n<p>-Lo primero a lo que aludo se trata acerca de cierta insistencia en rumores, o publicaciones, acerca de una eventual visita can\u00f3nica o visita fraterna, o como se la llame, con car\u00e1cter revisor\u00eda, a la di\u00f3cesis. No pocos se han preguntado, realizado comentarios, o incluso repetido, estas versiones, para cuyo discernimiento, en cambio, ahora se hace moralmente necesaria una palabra autorizada de las autoridades de la Iglesia.<\/p>\n<p>En este sentido, en el d\u00eda de hoy, 6 de febrero, en una fraterna y profundizadora reuni\u00f3n con el Sr. Nuncio Apost\u00f3lico, representante del Santo Padre, se me ha alentado a continuar con \u00e1nimo y coraje la pastoral de la di\u00f3cesis, junto con todos ustedes, a profundizar las reformas necesarias, y en especial a proseguir las acciones que se est\u00e1n realizando con el consejo de asuntos econ\u00f3micos y el consejo educativo. Me ha exhortado tambi\u00e9n a profundizar las instancias de di\u00e1logo fraterno, en lo cual, por lo dem\u00e1s, estamos empe\u00f1ados como acci\u00f3n com\u00fan en nuestra comunidad diocesana.<\/p>\n<p>-En ese orden, me ha afirmado que no hay ninguna visita can\u00f3nica, ni visita fraterna, ni de esa naturaleza alguna, prevista ni vista para la di\u00f3cesis ni para su obispo.<\/p>\n<p>De mi parte puedo mencionar, sin que esto haya sido objeto de la conversaci\u00f3n referida, que en el caso de que alguna vez fuera dispuesta, ser\u00eda acogida con buen esp\u00edritu, pues en este momento est\u00e1 en curso una nueva auditor\u00eda general, de car\u00e1cter independiente, que ya es la tercera que se hace en distintos \u00e1mbitos de gesti\u00f3n.<\/p>\n<p>-La segunda cuesti\u00f3n a la que me referir\u00e9 es la acci\u00f3n de la Fundaci\u00f3n para la difusi\u00f3n y pr\u00e1ctica de la Doctrina social de la Iglesia, la cual es un ente &#8220;privado&#8221; y no eclesi\u00e1stico, pero que, no obstante, ha puesto sus dos \u00fanicas propiedades a disposici\u00f3n de todos, y notablemente la de Buenos Aires ha sido sede de reuniones de consejos, educacionales, y de caridad social. Propiedades de personas individuales no hay. Dicho espacio, en el cual numerosos condiocesanos han podido reunirse, realizar encuentros y sesiones, en especial en lo que concierne a lo educativo, desde febrero de 2013 est\u00e1 dedicada a una finalidad de caridad social no de la fundaci\u00f3n, y el directorio est\u00e1 realizando la \u00faltima etapa en vistas a su donaci\u00f3n a una benem\u00e9rita instituci\u00f3n de caridad social.<\/p>\n<p>Me permito recordar que, pese a ser una entidad privada, por sus fines, y sobre todo por &#8220;amor a la Iglesia&#8221; que dicha Fundaci\u00f3n aport\u00f3 la inmensa mayor\u00eda de los fondos para la entera construcci\u00f3n de la iglesia de Jes\u00fas Misericordioso, de Gar\u00edn, subvino a todos los sueldos de la Escuela de Islas durante todo el per\u00edodo en que estaba vencido el contrato con el Estado Provincial, durante un a\u00f1o y medio, y luego prosigui\u00f3 con el comedor, hasta que lo retom\u00f3 el propio Obispado, hasta ahora, as\u00ed como adquiri\u00f3 terrenos para capillas barriales, reform\u00f3 y restaur\u00f3 casas parroquiales, construy\u00f3 casas para los m\u00e1s pobres, aport\u00f3 a Hogares de ancianos y de ni\u00f1os, contribuy\u00f3 a la compra de autom\u00f3viles para sacerdotes de parroquias m\u00e1s necesitadas o de delegaciones pastorales, o de representantes legales de colegios pobres que no ten\u00edan movilidad, as\u00ed como otorg\u00f3 los fondos para el amoblamiento del Seminario diocesano, su calefacci\u00f3n y refrigeraci\u00f3n, as\u00ed como subvino a los colegios m\u00e1s pobres donde faltaron becas, concedi\u00f3 incrementos para la obra social de quienes no pod\u00eda pagarla, subvencion\u00f3 viajes de estudio a numerosos, as\u00ed como actu\u00f3 otras diversas otras obras que, como he dicho, est\u00e1n en Coraz\u00f3n de Dios, y tambi\u00e9n en las actas, los libros fundacionales, y toda registraci\u00f3n legal que corresponde a una instituci\u00f3n seria. Todo esto en el \u00e1mbito de la di\u00f3cesis de Z\u00e1rate-Campana, porque aludir a obras en otros lugares o becas a alumnos pobres en otros lugares, no tiene sentido aqu\u00ed. Lamento, esto de verdad, tener que &#8220;exponer&#8221; esto aqu\u00ed, pero s\u00e9 que a quienes deseaban una informaci\u00f3n, les har\u00e1 bien. Omnia bona bonis.<\/p>\n<p>Volviendo a lo que que concierne a la di\u00f3cesis, luego de la auditor\u00eda general de gesti\u00f3n los profesionales a cargo preparar\u00e1 un informe que estar\u00e1 a disposici\u00f3n de las instancias que corresponda.<\/p>\n<p>A otras cosas no me referir\u00e9, ni a injurias, ni a t\u00f3mbolas, ni a predicciones ni a apuestas acerca del &#8220;cu\u00e1ndo&#8221; se da tal cosa predicha, o tal otra. Recordemos la importancia del amor a la Iglesia, tambi\u00e9n en cuanto al nombre de los Pastores, el Papa, el obispo, todos, todos y cada uno, teniendo en cuenta unas palabra que les dejo, de Jn. 8, 47: &#8220;El que es de Dios, escucha las palabras de Dios&#8230;.&#8221; (sigue el vers\u00edculo). Y tambi\u00e9n, en la &#8220;eclesiolog\u00eda del Concilio Vaticano II con terminolog\u00eda jur\u00eddica&#8221; como llam\u00f3 el beato Juan Pablo II al derecho can\u00f3nico, el canon 220, entre otros. Y, dir\u00eda, Lumen Gentium 23 respecto de la comuni\u00f3n afectiva y efectiva en la Iglesia.<\/p>\n<p>Los saludo con sincero afecto y mi oraci\u00f3n, pidi\u00e9ndoles tambi\u00e9n su oraci\u00f3n y ayuda fraterna para nuestra misi\u00f3n diocesana.<\/p>\n<p>+Oscar Sarlinga<\/p>\n<!-- AddThis Advanced Settings generic via filter on the_content --><!-- AddThis Share Buttons generic via filter on the_content -->","protected":false},"excerpt":{"rendered":"<p>Queridos hermanos: Los saludo fraternamente a la vez que les dirijo unas l\u00edneas, con el car\u00e1cter directo y respetuoso que procuro cultivar, tambi\u00e9n puesto que [&hellip;]<!-- AddThis Advanced Settings generic via filter on get_the_excerpt --><!-- AddThis Share Buttons generic via filter on get_the_excerpt --><\/p>\n","protected":false},"author":2,"featured_media":4313,"comment_status":"open","ping_status":"closed","sticky":false,"template":"","format":"standard","meta":{"footnotes":""},"categories":[1],"tags":[],"class_list":["post-4311","post","type-post","status-publish","format-standard","has-post-thumbnail","hentry","category-noticiasdiocesanas"],"_links":{"self":[{"href":"https:\/\/obispadodezaratecampana.org\/index.php?rest_route=\/wp\/v2\/posts\/4311","targetHints":{"allow":["GET"]}}],"collection":[{"href":"https:\/\/obispadodezaratecampana.org\/index.php?rest_route=\/wp\/v2\/posts"}],"about":[{"href":"https:\/\/obispadodezaratecampana.org\/index.php?rest_route=\/wp\/v2\/types\/post"}],"author":[{"embeddable":true,"href":"https:\/\/obispadodezaratecampana.org\/index.php?rest_route=\/wp\/v2\/users\/2"}],"replies":[{"embeddable":true,"href":"https:\/\/obispadodezaratecampana.org\/index.php?rest_route=%2Fwp%2Fv2%2Fcomments&post=4311"}],"version-history":[{"count":1,"href":"https:\/\/obispadodezaratecampana.org\/index.php?rest_route=\/wp\/v2\/posts\/4311\/revisions"}],"predecessor-version":[{"id":4312,"href":"https:\/\/obispadodezaratecampana.org\/index.php?rest_route=\/wp\/v2\/posts\/4311\/revisions\/4312"}],"wp:featuredmedia":[{"embeddable":true,"href":"https:\/\/obispadodezaratecampana.org\/index.php?rest_route=\/wp\/v2\/media\/4313"}],"wp:attachment":[{"href":"https:\/\/obispadodezaratecampana.org\/index.php?rest_route=%2Fwp%2Fv2%2Fmedia&parent=4311"}],"wp:term":[{"taxonomy":"category","embeddable":true,"href":"https:\/\/obispadodezaratecampana.org\/index.php?rest_route=%2Fwp%2Fv2%2Fcategories&post=4311"},{"taxonomy":"post_tag","embeddable":true,"href":"https:\/\/obispadodezaratecampana.org\/index.php?rest_route=%2Fwp%2Fv2%2Ftags&post=4311"}],"curies":[{"name":"wp","href":"https:\/\/api.w.org\/{rel}","templated":true}]}}