{"id":4300,"date":"2014-02-04T15:52:03","date_gmt":"2014-02-04T18:52:03","guid":{"rendered":"http:\/\/obispadodezaratecampana.org\/?p=4300"},"modified":"2014-02-04T15:52:03","modified_gmt":"2014-02-04T18:52:03","slug":"suplica-a-dios-padre-campana","status":"publish","type":"post","link":"https:\/\/obispadodezaratecampana.org\/?p=4300","title":{"rendered":"S\u00faplica a Dios Padre &#8211; Campana"},"content":{"rendered":"<p>En esta publicaci\u00f3n de nuestro sitio web\u00a0http:\/\/obispadodezaratecampana.org\/?p=4263\u00a0 \u00a0, los invit\u00e1bamos a que participen de la &#8220;S\u00faplica a Dios Padre en el Nombre de Jesucristo&#8221; .<\/p>\n<p>Esta se realiz\u00f3 como estaba previsto el viernes 31 de enero por la tarde; en Campana, as\u00ed como tambi\u00e9n en todas las comunidades Rogacionistas del mundo. As\u00ed es como han agradecido\u00a0las gracias recibidas en el 2013 e hicieron a su vez las s\u00faplicas por este a\u00f1o 2014 que reci\u00e9n ha comenzado, pidiendo por toda la Iglesia y especialmente por la Congregaci\u00f3n Rogacionista.<\/p>\n<p>Les compartimos el enlace del perfil de facebook de la Comunidad Rogacionista de nuestra di\u00f3cesis:\u00a0https:\/\/www.facebook.com\/familiasrog.argentina?fref=ts<\/p>\n<!-- AddThis Advanced Settings generic via filter on the_content --><!-- AddThis Share Buttons generic via filter on the_content -->","protected":false},"excerpt":{"rendered":"<p>En esta publicaci\u00f3n de nuestro sitio web\u00a0http:\/\/obispadodezaratecampana.org\/?p=4263\u00a0 \u00a0, los invit\u00e1bamos a que participen de la &#8220;S\u00faplica a Dios Padre en el Nombre de Jesucristo&#8221; . [&hellip;]<!-- AddThis Advanced Settings generic via filter on get_the_excerpt --><!-- AddThis Share Buttons generic via filter on get_the_excerpt --><\/p>\n","protected":false},"author":2,"featured_media":4301,"comment_status":"open","ping_status":"closed","sticky":false,"template":"","format":"standard","meta":{"footnotes":""},"categories":[4],"tags":[],"class_list":["post-4300","post","type-post","status-publish","format-standard","has-post-thumbnail","hentry","category-movimientosinstituciones"],"_links":{"self":[{"href":"https:\/\/obispadodezaratecampana.org\/index.php?rest_route=\/wp\/v2\/posts\/4300","targetHints":{"allow":["GET"]}}],"collection":[{"href":"https:\/\/obispadodezaratecampana.org\/index.php?rest_route=\/wp\/v2\/posts"}],"about":[{"href":"https:\/\/obispadodezaratecampana.org\/index.php?rest_route=\/wp\/v2\/types\/post"}],"author":[{"embeddable":true,"href":"https:\/\/obispadodezaratecampana.org\/index.php?rest_route=\/wp\/v2\/users\/2"}],"replies":[{"embeddable":true,"href":"https:\/\/obispadodezaratecampana.org\/index.php?rest_route=%2Fwp%2Fv2%2Fcomments&post=4300"}],"version-history":[{"count":1,"href":"https:\/\/obispadodezaratecampana.org\/index.php?rest_route=\/wp\/v2\/posts\/4300\/revisions"}],"predecessor-version":[{"id":4305,"href":"https:\/\/obispadodezaratecampana.org\/index.php?rest_route=\/wp\/v2\/posts\/4300\/revisions\/4305"}],"wp:featuredmedia":[{"embeddable":true,"href":"https:\/\/obispadodezaratecampana.org\/index.php?rest_route=\/wp\/v2\/media\/4301"}],"wp:attachment":[{"href":"https:\/\/obispadodezaratecampana.org\/index.php?rest_route=%2Fwp%2Fv2%2Fmedia&parent=4300"}],"wp:term":[{"taxonomy":"category","embeddable":true,"href":"https:\/\/obispadodezaratecampana.org\/index.php?rest_route=%2Fwp%2Fv2%2Fcategories&post=4300"},{"taxonomy":"post_tag","embeddable":true,"href":"https:\/\/obispadodezaratecampana.org\/index.php?rest_route=%2Fwp%2Fv2%2Ftags&post=4300"}],"curies":[{"name":"wp","href":"https:\/\/api.w.org\/{rel}","templated":true}]}}