{"id":4288,"date":"2014-02-03T12:07:07","date_gmt":"2014-02-03T15:07:07","guid":{"rendered":"http:\/\/obispadodezaratecampana.org\/?p=4288"},"modified":"2014-02-03T12:28:59","modified_gmt":"2014-02-03T15:28:59","slug":"la-fiesta-de-la-presentacion-del-senor","status":"publish","type":"post","link":"https:\/\/obispadodezaratecampana.org\/?p=4288","title":{"rendered":"La Fiesta de la Presentaci\u00f3n del Se\u00f1or"},"content":{"rendered":"<p>El domingo 2 de febrero &#8211; d\u00eda de la Presentaci\u00f3n del Se\u00f1or &#8211; \u00a0fue celebrada la misa de la festividad en la parroquia de Santa Rosa de Lima, en Villa Rosa, Pilar. Pese a la lluvia persistente, numerosos fieles de esta querida parroquia se hicieron presentes, asi tambi\u00e9n miembros de las distintas comunidades barriales y de grupos apost\u00f3licos.<\/p>\n<p>Con el Obispo concelebr\u00f3 el Pbro. Jos\u00e9 de Estrada y asisti\u00f3 el Di\u00e1cono permanente Sergio Pandiani.<\/p>\n<p>Los cirios o candelas fueron bendecidos al inicio de la misa, aunque no pudo hacerse la procesi\u00f3n por las condiciones clim\u00e1ticas, raz\u00f3n por la cual fueron encendidos al momento del Credo, cual signo de Cristo, Luz de Luz.<\/p>\n<p>Al t\u00e9rmino de la misa, el Monse\u00f1or Oscar y el Padre Jos\u00e9 saludaron uno por uno a los fieles presentes, como comunidad de fe y amor.<\/p>\n<p>En la misa se or\u00f3 en especial por los enfermos, por los fieles difuntos, por la Iglesia y por los m\u00e1s necesitados.<\/p>\n<p><strong>Homil\u00eda de Mons. Oscar Sarlinga en la Fiesta de la Presentaci\u00f3n del Se\u00f1or<\/strong><\/p>\n<p><em>Queridos hermanos,\u00a0hermanas\u00a0: \u00a0<\/em><br \/>\n<em>Gracias por estar. Pese a la lluvia persistente desde ayer por la ma\u00f1ana, y que no ha cesado, veo los numerosos que han concurrido a la llamada del Se\u00f1or en el d\u00eda de su Presentaci\u00f3n al Templo, y noto en especial la presencia de gente de las distintas comunidades y grupos apost\u00f3licos de la \u201ccomunidad de comunidades\u201d que es la parroquia, todos deseosos de venir al encuentro de Cristo, Luz de Luz. <\/em><br \/>\n<em>Esta festividad era celebrada desde muy antiguo en Jerusal\u00e9n, desde los albores de la Iglesia en esa ciudad santa. Y era llamada con un nombre que a muchos les puede resultar familiar porque resuena parecido a una palabra de la hermosa lengua guaran\u00ed, pero que viene del griego: \u201cYpapant\u00e9\u201d, es decir, \u201cencuentro\u201d. La Presentaci\u00f3n del Se\u00f1or es \u201cencuentro\u201d porque Dios hecho Ni\u00f1o viene al templo al encuentro con su Pueblo, para iluminarlo, y porque su Pueblo viene a su encuentro, representado por el anciano Sime\u00f3n y la profetisa Ana, s\u00edmbolos por excelencia del profetismo y de la piedad de Israel. <\/em><br \/>\n<em>Es encuentro tambi\u00e9n con la Virgen Mar\u00eda (y con Jos\u00e9, ese var\u00f3n just\u00edsimo y santo); la Virgen a quien la profec\u00eda anunci\u00f3 que una espada atravesar\u00eda su coraz\u00f3n, significando as\u00ed la uni\u00f3n con los misterios de su Hijo, al punto que en el momento culminante del teodramatismo de la misi\u00f3n de Cristo, en la Pasi\u00f3n, ella misma la vive en su interior, en su coraz\u00f3n, en uni\u00f3n \u00edntima y suprema con \u00c9l, el fruto de su vientre. Por ello, orar por la intercesi\u00f3n de Mar\u00eda, nos lleva directamente, y en uni\u00f3n total, a Cristo, que padeci\u00f3, muri\u00f3, resucit\u00f3 y est\u00e1 hoy con nosotros, ilumin\u00e1ndonos con su Amor, en este gran tiempo de Pentecost\u00e9s que es el tiempo de la Iglesia. Oremos en la contemplaci\u00f3n, hoy, aqu\u00ed, en esta celebraci\u00f3n, en este misterio que estamos viviendo, en esta chispa de eternidad de nuestro \u201caqu\u00ed y ahora\u201d, de nuestra historia vivida. <\/em><br \/>\n<em>\u00bfContemplar?. \u00bfAqu\u00ed y ahora, sin m\u00e1s?. S\u00ed, contemplar. No son necesarios ritos inici\u00e1ticos para contemplar. Se trata de sumergirnos en la Gracia que Dios nos da. Y el contemplativo, la contemplativa, se distingue por una \u201cse\u00f1al\u201d. Un fil\u00f3sofo. Henri Bergson, se\u00f1al\u00f3 como un signo distintivo de los grandes m\u00edsticos cristianos el que, en ellos, la contemplaci\u00f3n \u201cdesborda\u201d en un amor activo y eficaz del pr\u00f3jimo. Este \u201csumergirnos\u201d en pedir cada d\u00eda m\u00e1s la unci\u00f3n de la oraci\u00f3n y de la caridad, la caridad de veras, nos hace signos visibles de esa unci\u00f3n \u201cpara el mundo de hoy\u201d, tan necesitado, tan sediento, tan hambriento, de ella. <\/em><br \/>\n<em>Esta fiesta, en la cual bendecimos estos cirios, velas, candelas, que encenderemos en una Candelaria viviente, espiritual, operante, en nuestras vidas, proyectar\u00e1 una luz sobre tinieblas existenciales. \u00bfCu\u00e1les tinieblas?. El concepto tampoco trasunta algo inici\u00e1tico. Pienso que las peores tinieblas se adensan en el coraz\u00f3n. Quiz\u00e1 la peor obscuridad, es la del mal abandono y la tiniebla del desconsuelo, de la desesperaci\u00f3n y de la desesperanza. Podemos, de tal modo, quedar \u201csumidos\u201d en esa obscuridad, la m\u00e1s densa, la del des\u00e1nimo (des-\u00e1nimo, como si nos quitaran el alma), de la decepci\u00f3n profunda o de la confusi\u00f3n. A ese tipo de obscuridad, la existencial (es decir, como dije antes, la del coraz\u00f3n) s\u00f3lo la Luz de Jes\u00fas la puede penetrar. Pidamos hoy que brille la Luz de quien es \u201cLuz de Luz\u201d, Jesucristo, para nosotros, en la renovada esperanza, es decir, el don de la esperanza teologal, y tambi\u00e9n de la esperanza humana. Sint\u00e1monos tambi\u00e9n \u201cdeudores\u201d de quien ha perdido las razones de creer y de esperar. Y dej\u00e9monos hacer por Jes\u00fas unas \u201ccreaturas nuevas\u201d en un renovado \u201cvolver a empezar\u201d, hoy, desde esta chispa de eternidad que, aqu\u00ed y ahora, vivimos en la fe. <\/em><em>Am\u00e9n.<\/em><\/p>\n<!-- AddThis Advanced Settings generic via filter on the_content --><!-- AddThis Share Buttons generic via filter on the_content -->","protected":false},"excerpt":{"rendered":"<p>El domingo 2 de febrero &#8211; d\u00eda de la Presentaci\u00f3n del Se\u00f1or &#8211; \u00a0fue celebrada la misa de la festividad en la parroquia de Santa [&hellip;]<!-- AddThis Advanced Settings generic via filter on get_the_excerpt --><!-- AddThis Share Buttons generic via filter on get_the_excerpt --><\/p>\n","protected":false},"author":2,"featured_media":4294,"comment_status":"open","ping_status":"closed","sticky":false,"template":"","format":"standard","meta":{"footnotes":""},"categories":[1],"tags":[],"class_list":["post-4288","post","type-post","status-publish","format-standard","has-post-thumbnail","hentry","category-noticiasdiocesanas"],"_links":{"self":[{"href":"https:\/\/obispadodezaratecampana.org\/index.php?rest_route=\/wp\/v2\/posts\/4288","targetHints":{"allow":["GET"]}}],"collection":[{"href":"https:\/\/obispadodezaratecampana.org\/index.php?rest_route=\/wp\/v2\/posts"}],"about":[{"href":"https:\/\/obispadodezaratecampana.org\/index.php?rest_route=\/wp\/v2\/types\/post"}],"author":[{"embeddable":true,"href":"https:\/\/obispadodezaratecampana.org\/index.php?rest_route=\/wp\/v2\/users\/2"}],"replies":[{"embeddable":true,"href":"https:\/\/obispadodezaratecampana.org\/index.php?rest_route=%2Fwp%2Fv2%2Fcomments&post=4288"}],"version-history":[{"count":1,"href":"https:\/\/obispadodezaratecampana.org\/index.php?rest_route=\/wp\/v2\/posts\/4288\/revisions"}],"predecessor-version":[{"id":4295,"href":"https:\/\/obispadodezaratecampana.org\/index.php?rest_route=\/wp\/v2\/posts\/4288\/revisions\/4295"}],"wp:featuredmedia":[{"embeddable":true,"href":"https:\/\/obispadodezaratecampana.org\/index.php?rest_route=\/wp\/v2\/media\/4294"}],"wp:attachment":[{"href":"https:\/\/obispadodezaratecampana.org\/index.php?rest_route=%2Fwp%2Fv2%2Fmedia&parent=4288"}],"wp:term":[{"taxonomy":"category","embeddable":true,"href":"https:\/\/obispadodezaratecampana.org\/index.php?rest_route=%2Fwp%2Fv2%2Fcategories&post=4288"},{"taxonomy":"post_tag","embeddable":true,"href":"https:\/\/obispadodezaratecampana.org\/index.php?rest_route=%2Fwp%2Fv2%2Ftags&post=4288"}],"curies":[{"name":"wp","href":"https:\/\/api.w.org\/{rel}","templated":true}]}}