{"id":4276,"date":"2014-01-31T02:42:12","date_gmt":"2014-01-31T05:42:12","guid":{"rendered":"http:\/\/obispadodezaratecampana.org\/?p=4276"},"modified":"2014-01-31T17:59:36","modified_gmt":"2014-01-31T20:59:36","slug":"fiesta-de-la-candelaria-domingo-2-de-febrero","status":"publish","type":"post","link":"https:\/\/obispadodezaratecampana.org\/?p=4276","title":{"rendered":"Fiesta de la Candelaria: domingo 2 de febrero"},"content":{"rendered":"<p>El Obispo &#8211; Monse\u00f1or Oscar Sarlinga &#8211; ha invitado muy especialmente a todas las comunidades y parroquias a celebrar y participar de la festividad de la Presentaci\u00f3n del Se\u00f1or o &#8220;La Candelaria&#8221;; considerando su valor catequ\u00e9tico -mistag\u00f3gico y sentido eclesial. Al respecto de esto \u00faltimo, debemos tener presente a<em> &#8220;Cristo, Luz de los pueblos, aqu\u00ed y ahora, el Emmanuel, en su cuerpo y pueblo, que es la Iglesia, en nuestra humanidad e historia concretas, camino a la eternidad&#8221;<\/em><br \/>\nLuego de las sucesivas celebraciones presididas por nuestro querido Pastor, desde el a\u00f1o 2008 en la iglesia Cocatedral de la Natividad del Se\u00f1or (en Bel\u00e9n de Escobar) o en la iglesia Catedral de Santa Florentina (del partido de Campana), este a\u00f1o concurrir\u00e1 a la parroquia de Santa Rosa de Lima, en Villa Rosa, Pilar, para la Santa Misa del domingo 2 de febrero, a las 10:00 hs. Como es tradici\u00f3n, ser\u00e1n bendecidas las velas o candelas de los fieles, como signo del Salvador\u00a0&#8221; Luz del Mundo &#8221; que nos invita ademas a ser &#8220;Candelarias vivientes&#8221; que irradian el amor de Cristo.<\/p>\n<p><strong>Unidos en oraci\u00f3n<\/strong><\/p>\n<p><em>&#8220;Oremos por toda la comunidad diocesana, para que Cristo, Luz de los pueblos, nos ilumine, y que aceptemos con amor que \u00c9l sea nuestro Pastor y Gu\u00eda, en todos los acontecimientos de nuestra vida, personal y comunitaria. &#8221; Amen.<\/em><\/p>\n<p><strong>\u00bfQue es lo que celebramos?<\/strong><\/p>\n<p>El 2 de febrero, la iglesia estar\u00e1 celebrando la fiesta de Candelaria, donde se conmemora la presentaci\u00f3n del Se\u00f1or Jes\u00fas en el templo y la purificaci\u00f3n de Mar\u00eda Sant\u00edsima.<\/p>\n<p>Estos hechos se fundamentan en que seg\u00fan la Ley de Mois\u00e9s cuando una mujer daba a luz a un ni\u00f1o var\u00f3n hab\u00eda que considerarla impura durante siete d\u00edas debiendo ir al Templo para ser purificada. Esto pod\u00eda hacerlo pasados treinta y tres d\u00edas despu\u00e9s de aquel septenario. Si se trataba del nacimiento de una ni\u00f1a la madre dispon\u00eda del doble de tiempo para presentarse en el Templo.<\/p>\n<p>Cuando la madre visitaba el Templo llevaba una ofrenda . Si la mujer era pobre pod\u00eda presentar &#8220;un par de t\u00f3rtolas o dos pichones&#8221; (en lugar de un cordero) como menciona San Lucas.<\/p>\n<p>Antiguamente se la conoc\u00eda tambi\u00e9n como la &#8220;Fiesta de las Luces&#8221;: La Sant\u00edsima Virgen Mar\u00eda dio a luz, a la Luz del Mundo &#8211; Jesucristo- ; y se manifest\u00f3 al anciano Sime\u00f3n y a la profetisa Ana.<\/p>\n<p>Es importante recordar que en este d\u00eda &#8211; desde el a\u00f1o 1997 &#8211; \u00a0la Iglesia Universal celebra tambi\u00e9n la &#8221; Jornada Mundial de la Vida Consagrada&#8221;.<\/p>\n<p><em>Evangelio de San Lucas 2, 22-40 :&#8221; Cuando lleg\u00f3 el tiempo de la purificaci\u00f3n, seg\u00fan la ley de Mois\u00e9s, los padres de Jes\u00fas lo llevaron a Jerusal\u00e9n, para presentarlo al Se\u00f1or, de acuerdo con lo escrito en la ley del Se\u00f1or: \u00abTodo primog\u00e9nito var\u00f3n ser\u00e1 consagrado al Se\u00f1or\u00bb, y para entregar la oblaci\u00f3n, como dice la ley del Se\u00f1or: \u00abun par de t\u00f3rtolas o dos pichones.\u00bb Viv\u00eda entonces en Jerusal\u00e9n un hombre llamado Sime\u00f3n, hombre justo y piadoso, que aguardaba el consuelo de Israel; y el Esp\u00edritu Santo moraba en \u00e9l. Hab\u00eda recibido un or\u00e1culo del Esp\u00edritu Santo: que no ver\u00eda la muerte antes de ver al Mes\u00edas del Se\u00f1or. Impulsado por el Esp\u00edritu, fue al templo.<\/em><br \/>\n<em> Cuando entraban con el ni\u00f1o Jes\u00fas sus padres para cumplir con \u00e9l lo previsto por la ley, Sime\u00f3n lo tom\u00f3 en brazos y bendijo a Dios diciendo: \u00abAhora, Se\u00f1or, seg\u00fan tu promesa, puedes dejar a tu siervo irse en paz. Porque mis ojos han visto a tu Salvador, a quien has presentado ante todos los pueblos: luz para alumbrar a las naciones y gloria de tu pueblo Israel.\u00bb<\/em><br \/>\n<em> Su padre y su madre estaban admirados por lo que se dec\u00eda del ni\u00f1o.<\/em><br \/>\n<em> Sime\u00f3n los bendijo, diciendo a Mar\u00eda, su madre: \u00abMira, \u00e9ste est\u00e1 puesto para que muchos en Israel caigan y se levanten; ser\u00e1 como una bandera discutida: as\u00ed quedar\u00e1 clara la actitud de muchos corazones. Y a ti, una espada te traspasar\u00e1 el alma.\u00bb<\/em><br \/>\n<em> Hab\u00eda tambi\u00e9n una profetisa, Ana, hija de Fanuel, de la tribu de Aser. Era una mujer muy anciana; de jovencita hab\u00eda vivido siete a\u00f1os casada, y luego viuda hasta los ochenta y cuatro; no se apartaba del templo d\u00eda y noche, sirviendo a Dios con ayunos y oraciones. Acerc\u00e1ndose en aquel momento, daba gracias a Dios y hablaba del ni\u00f1o a todos los que aguardaban la liberaci\u00f3n de Jerusal\u00e9n. Y, cuando cumplieron todo lo que prescrib\u00eda la ley del Se\u00f1or, se volvieron a Galilea, a su ciudad de Nazareth. El ni\u00f1o iba creciendo y robusteci\u00e9ndose, y se llenaba de sabidur\u00eda; y la gracia de Dios lo acompa\u00f1aba. &#8220;<\/em><\/p>\n<p><strong>Para reflexionar&#8230;.<\/strong><\/p>\n<p>Los invitamos a leer esta publicaci\u00f3n de nuestra p\u00e1gina web, del a\u00f1o 2013 para profundizar un poco mas acerca del significado de esta celebraci\u00f3n: \u00a0http:\/\/obispadodezaratecampana.org\/?p=100<\/p>\n<p>&nbsp;<\/p>\n<!-- AddThis Advanced Settings generic via filter on the_content --><!-- AddThis Share Buttons generic via filter on the_content -->","protected":false},"excerpt":{"rendered":"<p>El Obispo &#8211; Monse\u00f1or Oscar Sarlinga &#8211; ha invitado muy especialmente a todas las comunidades y parroquias a celebrar y participar de la festividad de [&hellip;]<!-- AddThis Advanced Settings generic via filter on get_the_excerpt --><!-- AddThis Share Buttons generic via filter on get_the_excerpt --><\/p>\n","protected":false},"author":2,"featured_media":4285,"comment_status":"open","ping_status":"closed","sticky":false,"template":"","format":"standard","meta":{"footnotes":""},"categories":[1],"tags":[],"class_list":["post-4276","post","type-post","status-publish","format-standard","has-post-thumbnail","hentry","category-noticiasdiocesanas"],"_links":{"self":[{"href":"https:\/\/obispadodezaratecampana.org\/index.php?rest_route=\/wp\/v2\/posts\/4276","targetHints":{"allow":["GET"]}}],"collection":[{"href":"https:\/\/obispadodezaratecampana.org\/index.php?rest_route=\/wp\/v2\/posts"}],"about":[{"href":"https:\/\/obispadodezaratecampana.org\/index.php?rest_route=\/wp\/v2\/types\/post"}],"author":[{"embeddable":true,"href":"https:\/\/obispadodezaratecampana.org\/index.php?rest_route=\/wp\/v2\/users\/2"}],"replies":[{"embeddable":true,"href":"https:\/\/obispadodezaratecampana.org\/index.php?rest_route=%2Fwp%2Fv2%2Fcomments&post=4276"}],"version-history":[{"count":7,"href":"https:\/\/obispadodezaratecampana.org\/index.php?rest_route=\/wp\/v2\/posts\/4276\/revisions"}],"predecessor-version":[{"id":4287,"href":"https:\/\/obispadodezaratecampana.org\/index.php?rest_route=\/wp\/v2\/posts\/4276\/revisions\/4287"}],"wp:featuredmedia":[{"embeddable":true,"href":"https:\/\/obispadodezaratecampana.org\/index.php?rest_route=\/wp\/v2\/media\/4285"}],"wp:attachment":[{"href":"https:\/\/obispadodezaratecampana.org\/index.php?rest_route=%2Fwp%2Fv2%2Fmedia&parent=4276"}],"wp:term":[{"taxonomy":"category","embeddable":true,"href":"https:\/\/obispadodezaratecampana.org\/index.php?rest_route=%2Fwp%2Fv2%2Fcategories&post=4276"},{"taxonomy":"post_tag","embeddable":true,"href":"https:\/\/obispadodezaratecampana.org\/index.php?rest_route=%2Fwp%2Fv2%2Ftags&post=4276"}],"curies":[{"name":"wp","href":"https:\/\/api.w.org\/{rel}","templated":true}]}}