{"id":4267,"date":"2014-01-29T03:23:29","date_gmt":"2014-01-29T06:23:29","guid":{"rendered":"http:\/\/obispadodezaratecampana.org\/?p=4267"},"modified":"2014-01-29T03:23:29","modified_gmt":"2014-01-29T06:23:29","slug":"queres-formar-parte-del-ballet-de-jesus","status":"publish","type":"post","link":"https:\/\/obispadodezaratecampana.org\/?p=4267","title":{"rendered":"\u00bfQuer\u00e9s formar parte del Ballet de Jes\u00fas?"},"content":{"rendered":"<p>Desde febrero del presente a\u00f1o -2014 &#8211; podes formar parte del Ballet de Jes\u00fas (Folklore, contempor\u00e1neo, Jazz).<\/p>\n<p>Si tenes entre 4 y 90 a\u00f1os, tenes la posibilidad de ser parte de esta gran familia que se re\u00fane para alabar a Dios con el cuerpo y el alma.<\/p>\n<p>\u00bfDonde? En la Cocatedral Natividad del Se\u00f1or, de Bel\u00e9n de Escobar.<\/p>\n<p>A continuaci\u00f3n, les dejamos el enlace del perfil de facebook de la Cocatedral y del Ballet de Jes\u00fas:<\/p>\n<p>https:\/\/www.facebook.com\/cocatedralnatividad.escobar<\/p>\n<p>https:\/\/www.facebook.com\/ballet.dejesus<\/p>\n<p>&nbsp;<\/p>\n<p>&nbsp;<\/p>\n<!-- AddThis Advanced Settings generic via filter on the_content --><!-- AddThis Share Buttons generic via filter on the_content -->","protected":false},"excerpt":{"rendered":"<p>Desde febrero del presente a\u00f1o -2014 &#8211; podes formar parte del Ballet de Jes\u00fas (Folklore, contempor\u00e1neo, Jazz). Si tenes entre 4 y 90 a\u00f1os, tenes [&hellip;]<!-- AddThis Advanced Settings generic via filter on get_the_excerpt --><!-- AddThis Share Buttons generic via filter on get_the_excerpt --><\/p>\n","protected":false},"author":2,"featured_media":4269,"comment_status":"open","ping_status":"closed","sticky":false,"template":"","format":"standard","meta":{"footnotes":""},"categories":[3],"tags":[],"class_list":["post-4267","post","type-post","status-publish","format-standard","has-post-thumbnail","hentry","category-noticiasparroquiales"],"_links":{"self":[{"href":"https:\/\/obispadodezaratecampana.org\/index.php?rest_route=\/wp\/v2\/posts\/4267","targetHints":{"allow":["GET"]}}],"collection":[{"href":"https:\/\/obispadodezaratecampana.org\/index.php?rest_route=\/wp\/v2\/posts"}],"about":[{"href":"https:\/\/obispadodezaratecampana.org\/index.php?rest_route=\/wp\/v2\/types\/post"}],"author":[{"embeddable":true,"href":"https:\/\/obispadodezaratecampana.org\/index.php?rest_route=\/wp\/v2\/users\/2"}],"replies":[{"embeddable":true,"href":"https:\/\/obispadodezaratecampana.org\/index.php?rest_route=%2Fwp%2Fv2%2Fcomments&post=4267"}],"version-history":[{"count":1,"href":"https:\/\/obispadodezaratecampana.org\/index.php?rest_route=\/wp\/v2\/posts\/4267\/revisions"}],"predecessor-version":[{"id":4271,"href":"https:\/\/obispadodezaratecampana.org\/index.php?rest_route=\/wp\/v2\/posts\/4267\/revisions\/4271"}],"wp:featuredmedia":[{"embeddable":true,"href":"https:\/\/obispadodezaratecampana.org\/index.php?rest_route=\/wp\/v2\/media\/4269"}],"wp:attachment":[{"href":"https:\/\/obispadodezaratecampana.org\/index.php?rest_route=%2Fwp%2Fv2%2Fmedia&parent=4267"}],"wp:term":[{"taxonomy":"category","embeddable":true,"href":"https:\/\/obispadodezaratecampana.org\/index.php?rest_route=%2Fwp%2Fv2%2Fcategories&post=4267"},{"taxonomy":"post_tag","embeddable":true,"href":"https:\/\/obispadodezaratecampana.org\/index.php?rest_route=%2Fwp%2Fv2%2Ftags&post=4267"}],"curies":[{"name":"wp","href":"https:\/\/api.w.org\/{rel}","templated":true}]}}