{"id":4263,"date":"2014-01-29T03:02:38","date_gmt":"2014-01-29T06:02:38","guid":{"rendered":"http:\/\/obispadodezaratecampana.org\/?p=4263"},"modified":"2014-01-29T03:02:38","modified_gmt":"2014-01-29T06:02:38","slug":"suplica-a-dios-padre-pquia-ntra-sra-del-carmen-campana","status":"publish","type":"post","link":"https:\/\/obispadodezaratecampana.org\/?p=4263","title":{"rendered":"&#8220;S\u00faplica a Dios Padre&#8230;&#8221; &#8211; Pquia. Ntra. Sra. del Carmen &#8211; Campana"},"content":{"rendered":"<p><a href=\"http:\/\/obispadodezaratecampana.org\/wp-content\/uploads\/2014\/01\/publicara.jpg\"><img fetchpriority=\"high\" decoding=\"async\" class=\"aligncenter size-medium wp-image-4264\" alt=\"publicara\" src=\"http:\/\/obispadodezaratecampana.org\/wp-content\/uploads\/2014\/01\/publicara-300x194.jpg\" width=\"300\" height=\"194\" srcset=\"https:\/\/obispadodezaratecampana.org\/wp-content\/uploads\/2014\/01\/publicara-300x194.jpg 300w, https:\/\/obispadodezaratecampana.org\/wp-content\/uploads\/2014\/01\/publicara.jpg 526w\" sizes=\"(max-width: 300px) 100vw, 300px\" \/><\/a>Les compartimos esta invitaci\u00f3n para el pr\u00f3ximo viernes 31 de enero &#8211; 18:00 hs- , de la Pquia. Ntra. Sra. del Carmen de Campana:<\/p>\n<p><em>&#8220;Los invitamos el d\u00eda viernes 31 de enero a las 18.00 hs en la Parroquia de Ntra. Sra. del Carmen (Campana) para la GRAN S\u00daPLICA A DIOS PADRE EN EL NOMBRE SANT\u00cdSIMO DE NUESTRO SE\u00d1OR JESUCRISTO.<\/em><\/p>\n<p><em>Daremos gracias por todo lo que nos ha dado en el 2013 y haremos suplicas por este a\u00f1o 2014 que comienza por toda la Iglesia y en especial por la comunidad rogacionista del Carmen (Parroquia, Capillas, Colegio Padre An\u00edbal, Casa de D\u00eda, etc.)<\/em><br \/>\n<em>El Padre An\u00edbal le dio una gran importancia, a la s\u00faplica desde el 31 de enero de 1888, consagrando este d\u00eda, en todas las Casas Rogacionistas, como solemne festividad del Nombre Sant\u00edsimo de Nuestro Se\u00f1or Jesucristo. En este d\u00eda se debe presentar al Eterno Padre, una s\u00faplica especial\u00edsima, como es costumbre en nuestras comunidades hasta el presente.<\/em><br \/>\n<em>Todo el valor de esta s\u00faplica se apoya en aquellas divinas promesas hechas por Nuestro Se\u00f1or Jesucristo, grabadas en los santos Evangelios: \u201cOs aseguro que todo lo que pid\u00e1is en mi Nombre al Padre, os lo conceder\u00e1. Hasta ahora no hab\u00e9is pedido nada en mi Nombre. Pedid y recibir\u00e9is, para que vuestra alegr\u00eda sea completa\u201d (Jn 16,23-24).<\/em><br \/>\n<em>Y luego de la Grande S\u00faplica, a las 19 hs. celebraci\u00f3n de la Misa Solemne.<\/em><\/p>\n<p><em>LOS ESPERAMOS!!!!\u00a0&#8220;<\/em><\/p>\n<p>El perfil de facebook de la parroquia es: \u00a0www.facebook.com\/pages\/Parroquia-Nuestra-Se\u00f1ora-del-Carmen-Campana\/196113643854479?fref=ts<\/p>\n<!-- AddThis Advanced Settings generic via filter on the_content --><!-- AddThis Share Buttons generic via filter on the_content -->","protected":false},"excerpt":{"rendered":"<p>Les compartimos esta invitaci\u00f3n para el pr\u00f3ximo viernes 31 de enero &#8211; 18:00 hs- , de la Pquia. Ntra. Sra. del Carmen de Campana: &#8220;Los [&hellip;]<!-- AddThis Advanced Settings generic via filter on get_the_excerpt --><!-- AddThis Share Buttons generic via filter on get_the_excerpt --><\/p>\n","protected":false},"author":2,"featured_media":4264,"comment_status":"open","ping_status":"closed","sticky":false,"template":"","format":"standard","meta":{"footnotes":""},"categories":[3],"tags":[],"class_list":["post-4263","post","type-post","status-publish","format-standard","has-post-thumbnail","hentry","category-noticiasparroquiales"],"_links":{"self":[{"href":"https:\/\/obispadodezaratecampana.org\/index.php?rest_route=\/wp\/v2\/posts\/4263","targetHints":{"allow":["GET"]}}],"collection":[{"href":"https:\/\/obispadodezaratecampana.org\/index.php?rest_route=\/wp\/v2\/posts"}],"about":[{"href":"https:\/\/obispadodezaratecampana.org\/index.php?rest_route=\/wp\/v2\/types\/post"}],"author":[{"embeddable":true,"href":"https:\/\/obispadodezaratecampana.org\/index.php?rest_route=\/wp\/v2\/users\/2"}],"replies":[{"embeddable":true,"href":"https:\/\/obispadodezaratecampana.org\/index.php?rest_route=%2Fwp%2Fv2%2Fcomments&post=4263"}],"version-history":[{"count":1,"href":"https:\/\/obispadodezaratecampana.org\/index.php?rest_route=\/wp\/v2\/posts\/4263\/revisions"}],"predecessor-version":[{"id":4265,"href":"https:\/\/obispadodezaratecampana.org\/index.php?rest_route=\/wp\/v2\/posts\/4263\/revisions\/4265"}],"wp:featuredmedia":[{"embeddable":true,"href":"https:\/\/obispadodezaratecampana.org\/index.php?rest_route=\/wp\/v2\/media\/4264"}],"wp:attachment":[{"href":"https:\/\/obispadodezaratecampana.org\/index.php?rest_route=%2Fwp%2Fv2%2Fmedia&parent=4263"}],"wp:term":[{"taxonomy":"category","embeddable":true,"href":"https:\/\/obispadodezaratecampana.org\/index.php?rest_route=%2Fwp%2Fv2%2Fcategories&post=4263"},{"taxonomy":"post_tag","embeddable":true,"href":"https:\/\/obispadodezaratecampana.org\/index.php?rest_route=%2Fwp%2Fv2%2Ftags&post=4263"}],"curies":[{"name":"wp","href":"https:\/\/api.w.org\/{rel}","templated":true}]}}