{"id":4243,"date":"2014-01-25T16:59:03","date_gmt":"2014-01-25T19:59:03","guid":{"rendered":"http:\/\/obispadodezaratecampana.org\/?p=4243"},"modified":"2014-01-25T16:59:03","modified_gmt":"2014-01-25T19:59:03","slug":"campamento-de-jovenes-zaratenos","status":"publish","type":"post","link":"https:\/\/obispadodezaratecampana.org\/?p=4243","title":{"rendered":"Campamento de j\u00f3venes zarate\u00f1os"},"content":{"rendered":"<div>Los j\u00f3venes de las comunidades salesianas &#8211; partido de Z\u00e1rate &#8211; de Don Bosco, Negrito Manuel, Francisco de Sales, San Juan Bautista Pecorena, Mar\u00eda Auxiliadora, Virgen de Guadalupe, Buen Pastor y San Jos\u00e9 Obrero; han compartido unos d\u00edas en el complejo Ceferino Namuncur\u00e1 de Don Bosco, en Ezeiza CABA) durante este verano 2014.<\/div>\n<div>Han vivido unos hermosos d\u00edas de diversi\u00f3n, oraci\u00f3n , reflexi\u00f3n y amistad en Cristo.<\/div>\n<div>El padre Carlitos Barbero y los coordinadores de catequesis han hecho posible esta bendita experiencia.<\/div>\n<div><\/div>\n<div><\/div>\n<!-- AddThis Advanced Settings generic via filter on the_content --><!-- AddThis Share Buttons generic via filter on the_content -->","protected":false},"excerpt":{"rendered":"<p>Los j\u00f3venes de las comunidades salesianas &#8211; partido de Z\u00e1rate &#8211; de Don Bosco, Negrito Manuel, Francisco de Sales, San Juan Bautista Pecorena, Mar\u00eda Auxiliadora, [&hellip;]<!-- AddThis Advanced Settings generic via filter on get_the_excerpt --><!-- AddThis Share Buttons generic via filter on get_the_excerpt --><\/p>\n","protected":false},"author":2,"featured_media":4244,"comment_status":"open","ping_status":"closed","sticky":false,"template":"","format":"standard","meta":{"footnotes":""},"categories":[3],"tags":[],"class_list":["post-4243","post","type-post","status-publish","format-standard","has-post-thumbnail","hentry","category-noticiasparroquiales"],"_links":{"self":[{"href":"https:\/\/obispadodezaratecampana.org\/index.php?rest_route=\/wp\/v2\/posts\/4243","targetHints":{"allow":["GET"]}}],"collection":[{"href":"https:\/\/obispadodezaratecampana.org\/index.php?rest_route=\/wp\/v2\/posts"}],"about":[{"href":"https:\/\/obispadodezaratecampana.org\/index.php?rest_route=\/wp\/v2\/types\/post"}],"author":[{"embeddable":true,"href":"https:\/\/obispadodezaratecampana.org\/index.php?rest_route=\/wp\/v2\/users\/2"}],"replies":[{"embeddable":true,"href":"https:\/\/obispadodezaratecampana.org\/index.php?rest_route=%2Fwp%2Fv2%2Fcomments&post=4243"}],"version-history":[{"count":1,"href":"https:\/\/obispadodezaratecampana.org\/index.php?rest_route=\/wp\/v2\/posts\/4243\/revisions"}],"predecessor-version":[{"id":4254,"href":"https:\/\/obispadodezaratecampana.org\/index.php?rest_route=\/wp\/v2\/posts\/4243\/revisions\/4254"}],"wp:featuredmedia":[{"embeddable":true,"href":"https:\/\/obispadodezaratecampana.org\/index.php?rest_route=\/wp\/v2\/media\/4244"}],"wp:attachment":[{"href":"https:\/\/obispadodezaratecampana.org\/index.php?rest_route=%2Fwp%2Fv2%2Fmedia&parent=4243"}],"wp:term":[{"taxonomy":"category","embeddable":true,"href":"https:\/\/obispadodezaratecampana.org\/index.php?rest_route=%2Fwp%2Fv2%2Fcategories&post=4243"},{"taxonomy":"post_tag","embeddable":true,"href":"https:\/\/obispadodezaratecampana.org\/index.php?rest_route=%2Fwp%2Fv2%2Ftags&post=4243"}],"curies":[{"name":"wp","href":"https:\/\/api.w.org\/{rel}","templated":true}]}}