{"id":4240,"date":"2014-01-25T15:27:57","date_gmt":"2014-01-25T18:27:57","guid":{"rendered":"http:\/\/obispadodezaratecampana.org\/?p=4240"},"modified":"2014-01-25T15:27:57","modified_gmt":"2014-01-25T18:27:57","slug":"mision-2014-hnas-hijas-de-la-cruz-pquia-ntra-sra-de-lujan-zarate","status":"publish","type":"post","link":"https:\/\/obispadodezaratecampana.org\/?p=4240","title":{"rendered":"Misi\u00f3n 2014: Hnas. Hijas de la Cruz &#8211; Pquia. Ntra. Sra. de Luj\u00e1n &#8211; Z\u00e1rate"},"content":{"rendered":"<p><a href=\"http:\/\/obispadodezaratecampana.org\/wp-content\/uploads\/2014\/01\/mision1.jpg\"><img fetchpriority=\"high\" decoding=\"async\" class=\"aligncenter size-medium wp-image-4241\" alt=\"mision\" src=\"http:\/\/obispadodezaratecampana.org\/wp-content\/uploads\/2014\/01\/mision1-300x224.jpg\" width=\"300\" height=\"224\" srcset=\"https:\/\/obispadodezaratecampana.org\/wp-content\/uploads\/2014\/01\/mision1-300x224.jpg 300w, https:\/\/obispadodezaratecampana.org\/wp-content\/uploads\/2014\/01\/mision1.jpg 543w\" sizes=\"(max-width: 300px) 100vw, 300px\" \/><\/a>Les compartimos esta invitaci\u00f3n para participar de estos d\u00edas de misi\u00f3n en el barrio Reysol del partido de Z\u00e1rate, organizada por miembros de la comunidad de la Pquia. Ntra. Sra. de Luj\u00e1n y de las Hnas. Hijas de la Cruz.<\/p>\n<p>Para mas informaci\u00f3n acerca de esta propuesta, ingresen a la cuenta perfil de facebook de la parroquia:<\/p>\n<p>https:\/\/www.facebook.com\/parroquianuestrasradelujan.zarate<\/p>\n<!-- AddThis Advanced Settings generic via filter on the_content --><!-- AddThis Share Buttons generic via filter on the_content -->","protected":false},"excerpt":{"rendered":"<p>Les compartimos esta invitaci\u00f3n para participar de estos d\u00edas de misi\u00f3n en el barrio Reysol del partido de Z\u00e1rate, organizada por miembros de la comunidad [&hellip;]<!-- AddThis Advanced Settings generic via filter on get_the_excerpt --><!-- AddThis Share Buttons generic via filter on get_the_excerpt --><\/p>\n","protected":false},"author":2,"featured_media":4241,"comment_status":"open","ping_status":"closed","sticky":false,"template":"","format":"standard","meta":{"footnotes":""},"categories":[3],"tags":[],"class_list":["post-4240","post","type-post","status-publish","format-standard","has-post-thumbnail","hentry","category-noticiasparroquiales"],"_links":{"self":[{"href":"https:\/\/obispadodezaratecampana.org\/index.php?rest_route=\/wp\/v2\/posts\/4240","targetHints":{"allow":["GET"]}}],"collection":[{"href":"https:\/\/obispadodezaratecampana.org\/index.php?rest_route=\/wp\/v2\/posts"}],"about":[{"href":"https:\/\/obispadodezaratecampana.org\/index.php?rest_route=\/wp\/v2\/types\/post"}],"author":[{"embeddable":true,"href":"https:\/\/obispadodezaratecampana.org\/index.php?rest_route=\/wp\/v2\/users\/2"}],"replies":[{"embeddable":true,"href":"https:\/\/obispadodezaratecampana.org\/index.php?rest_route=%2Fwp%2Fv2%2Fcomments&post=4240"}],"version-history":[{"count":1,"href":"https:\/\/obispadodezaratecampana.org\/index.php?rest_route=\/wp\/v2\/posts\/4240\/revisions"}],"predecessor-version":[{"id":4242,"href":"https:\/\/obispadodezaratecampana.org\/index.php?rest_route=\/wp\/v2\/posts\/4240\/revisions\/4242"}],"wp:featuredmedia":[{"embeddable":true,"href":"https:\/\/obispadodezaratecampana.org\/index.php?rest_route=\/wp\/v2\/media\/4241"}],"wp:attachment":[{"href":"https:\/\/obispadodezaratecampana.org\/index.php?rest_route=%2Fwp%2Fv2%2Fmedia&parent=4240"}],"wp:term":[{"taxonomy":"category","embeddable":true,"href":"https:\/\/obispadodezaratecampana.org\/index.php?rest_route=%2Fwp%2Fv2%2Fcategories&post=4240"},{"taxonomy":"post_tag","embeddable":true,"href":"https:\/\/obispadodezaratecampana.org\/index.php?rest_route=%2Fwp%2Fv2%2Ftags&post=4240"}],"curies":[{"name":"wp","href":"https:\/\/api.w.org\/{rel}","templated":true}]}}