{"id":4226,"date":"2014-01-18T06:02:17","date_gmt":"2014-01-18T09:02:17","guid":{"rendered":"http:\/\/obispadodezaratecampana.org\/?p=4226"},"modified":"2014-01-18T06:29:25","modified_gmt":"2014-01-18T09:29:25","slug":"jornadas-de-formacion-para-catequistas-en-derqui","status":"publish","type":"post","link":"https:\/\/obispadodezaratecampana.org\/?p=4226","title":{"rendered":"Jornadas de formaci\u00f3n para catequistas en Derqui"},"content":{"rendered":"<p><a href=\"http:\/\/obispadodezaratecampana.org\/wp-content\/uploads\/2014\/01\/cursooo.jpg\"><img fetchpriority=\"high\" decoding=\"async\" class=\"aligncenter size-medium wp-image-4229\" alt=\"cursooo\" src=\"http:\/\/obispadodezaratecampana.org\/wp-content\/uploads\/2014\/01\/cursooo-300x224.jpg\" width=\"300\" height=\"224\" srcset=\"https:\/\/obispadodezaratecampana.org\/wp-content\/uploads\/2014\/01\/cursooo-300x224.jpg 300w, https:\/\/obispadodezaratecampana.org\/wp-content\/uploads\/2014\/01\/cursooo.jpg 403w\" sizes=\"(max-width: 300px) 100vw, 300px\" \/><\/a><\/p>\n<p>Les compartimos esta propuesta de formaci\u00f3n de la Junta Diocesana de Catequesis:<\/p>\n<p><em>\u00a1Queridos catequistas!\u00a0<\/em><em>Desde el \u00c1rea de Formaci\u00f3n continuamos caminando, acompa\u00f1ando a las comunidades con nuestros talleres y cursos itinerantes, en esta oportunidad la comunidad de \u201cSan Antonio de Padua\u201d de la localidad de Presidente Derqui, nos han solicitado realizar Jornadas de Formaci\u00f3n para Catequistas, a la cual est\u00e1n invitados todos aquellos hermanos que quieran participar.\u00a0<\/em><\/p>\n<p><em>Los d\u00edas:\u00a0Viernes: 21 y 28 de Febrero \u00a0y \u00a0Viernes\u00a07 y 14 de Marzo, del 2014.\u00a0<\/em><em>Horario:\u00a0de 18:00 a 21:00hs.<\/em><\/p>\n<p><em>Informes: por Mail: juntadiocesanadecatequesis.zc@gmail.com \u00a0o telef\u00f3nicamente: Silvana Berrutti 0230 15 4522583<\/em><\/p>\n<p>Este es el enlace del evento en facebook, donde encontrar\u00e1n los detalles acerca del mismo : \u00a0<a href=\"https:\/\/www.facebook.com\/events\/450756638357853\/\">https:\/\/www.facebook.com\/events\/450756638357853\/<\/a><\/p>\n<div data-referrer=\"pagelet_event_details\">Perfil de facebook de la Junta diocesana de Catequesis :<\/div>\n<div data-referrer=\"pagelet_event_details\"><a href=\"https:\/\/www.facebook.com\/pages\/Junta-Diocesana-de-Catequistas-Z%C3%A1rate-Campana\/108771125830497?fref=ts\">https:\/\/www.facebook.com\/pages\/Junta-Diocesana-de-Catequistas-Z%C3%A1rate-Campana\/108771125830497?fref=ts<\/a><\/div>\n<!-- AddThis Advanced Settings generic via filter on the_content --><!-- AddThis Share Buttons generic via filter on the_content -->","protected":false},"excerpt":{"rendered":"<p>Les compartimos esta propuesta de formaci\u00f3n de la Junta Diocesana de Catequesis: \u00a1Queridos catequistas!\u00a0Desde el \u00c1rea de Formaci\u00f3n continuamos caminando, acompa\u00f1ando a las comunidades con [&hellip;]<!-- AddThis Advanced Settings generic via filter on get_the_excerpt --><!-- AddThis Share Buttons generic via filter on get_the_excerpt --><\/p>\n","protected":false},"author":2,"featured_media":4229,"comment_status":"open","ping_status":"closed","sticky":false,"template":"","format":"standard","meta":{"footnotes":""},"categories":[3],"tags":[],"class_list":["post-4226","post","type-post","status-publish","format-standard","has-post-thumbnail","hentry","category-noticiasparroquiales"],"_links":{"self":[{"href":"https:\/\/obispadodezaratecampana.org\/index.php?rest_route=\/wp\/v2\/posts\/4226","targetHints":{"allow":["GET"]}}],"collection":[{"href":"https:\/\/obispadodezaratecampana.org\/index.php?rest_route=\/wp\/v2\/posts"}],"about":[{"href":"https:\/\/obispadodezaratecampana.org\/index.php?rest_route=\/wp\/v2\/types\/post"}],"author":[{"embeddable":true,"href":"https:\/\/obispadodezaratecampana.org\/index.php?rest_route=\/wp\/v2\/users\/2"}],"replies":[{"embeddable":true,"href":"https:\/\/obispadodezaratecampana.org\/index.php?rest_route=%2Fwp%2Fv2%2Fcomments&post=4226"}],"version-history":[{"count":5,"href":"https:\/\/obispadodezaratecampana.org\/index.php?rest_route=\/wp\/v2\/posts\/4226\/revisions"}],"predecessor-version":[{"id":4239,"href":"https:\/\/obispadodezaratecampana.org\/index.php?rest_route=\/wp\/v2\/posts\/4226\/revisions\/4239"}],"wp:featuredmedia":[{"embeddable":true,"href":"https:\/\/obispadodezaratecampana.org\/index.php?rest_route=\/wp\/v2\/media\/4229"}],"wp:attachment":[{"href":"https:\/\/obispadodezaratecampana.org\/index.php?rest_route=%2Fwp%2Fv2%2Fmedia&parent=4226"}],"wp:term":[{"taxonomy":"category","embeddable":true,"href":"https:\/\/obispadodezaratecampana.org\/index.php?rest_route=%2Fwp%2Fv2%2Fcategories&post=4226"},{"taxonomy":"post_tag","embeddable":true,"href":"https:\/\/obispadodezaratecampana.org\/index.php?rest_route=%2Fwp%2Fv2%2Ftags&post=4226"}],"curies":[{"name":"wp","href":"https:\/\/api.w.org\/{rel}","templated":true}]}}