{"id":4208,"date":"2014-01-18T05:02:23","date_gmt":"2014-01-18T08:02:23","guid":{"rendered":"http:\/\/obispadodezaratecampana.org\/?p=4208"},"modified":"2014-01-18T06:20:57","modified_gmt":"2014-01-18T09:20:57","slug":"concluyo-la-mision-intensiva-de-verano-en-pilar","status":"publish","type":"post","link":"https:\/\/obispadodezaratecampana.org\/?p=4208","title":{"rendered":"Concluyo la Misi\u00f3n intensiva de Verano en Pilar"},"content":{"rendered":"<p>Entre los d\u00edas 2 y 13 de enero tuvo lugar el &#8220;Verano Misionero&#8221; en el partido de Pilar. De esta manera concluy\u00f3 el trienio de mision en la jurisdicci\u00f3n de las Pquias. Ntra. Sra. de la Paz y San Francisco de As\u00eds.<\/p>\n<p>Participaron alrededor de 120 j\u00f3venes de nuestra di\u00f3cesis, ademas de numerosos seminaristas, sacerdotes &#8211; entre ellos el delegado diocesano para las misiones Gabriel Micheli &#8211; , familias y hermanos en la fe. El Sr. Obispo, celebr\u00f3 misas, imparti\u00f3 sacramentos y comparti\u00f3 otros gratos momentos con los participantes de esta misi\u00f3n de verano.<\/p>\n<p>Los misioneros estuvieron organizados en grupos, de acuerdo a la siguiente clasificaci\u00f3n por comisiones: ni\u00f1os, pre-adolescentes, j\u00f3venes y adultos. Asi, es como de acuerdo al grupo que pertenec\u00edan, trabajaron espec\u00edficamente en un \u00e1rea predeterminada.<\/p>\n<p>Las actividades compartidas durante los d\u00edas de misi\u00f3n intensiva fueron las siguientes: visitas a los hogares, charlas de formaci\u00f3n y de preparaci\u00f3n (algunos de los temas tratados fueron: Divina Revelaci\u00f3n, Cristolog\u00eda, Vocaci\u00f3n y diferentes estado de Vida, la Iglesia y la Fe), testimonios (tanto de la misi\u00f3n, como de personas que ya hab\u00edan vivido la experiencia a\u00f1os anteriores), festejos de cumplea\u00f1os, momentos de oraci\u00f3n, representaci\u00f3n del pesebre viviente, adoraciones Eucar\u00edsticas y la Santa Misa diaria, entre otras.<\/p>\n<p>Tuvieron lugar bautismos de ni\u00f1os, j\u00f3venes y adultos (mas de 30 ), y se celebraron matrimonios (los cuales fueron otras de las tantas bendiciones fruto de la visita de los misioneros, o del encuentro con sacerdotes y tambi\u00e9n de la iniciativa de los propios miembros de las comunidades parroquiales)<\/p>\n<p>Cabe destacar, que se realiz\u00f3 un Taller de iniciaci\u00f3n de la IAM (Infancia y Adolescencia Misionera, de las Obras Misionales Pontificias). Como bendito fruto del mismo, algunos j\u00f3venes asumieron el compromiso de formar la IAM en cuatro nuevas comunidades de la di\u00f3cesis, en los decanatos de Z\u00e1rate, Campana y Pilar.<\/p>\n<p>Les compartimos en enlace con la p\u00e1gina web de las parroquias donde se realiz\u00f3 la misi\u00f3n:\u00a0<a href=\"http:\/\/www.parroquiadelapaz.com.ar\/sra.-de-la-paz1.html\">http:\/\/www.parroquiadelapaz.com.ar\/sra.-de-la-paz1.html<\/a><\/p>\n<p><strong>Unirnos en oraci\u00f3n<\/strong><\/p>\n<p>Los invitamos a unirnos en oraci\u00f3n, dando gracias a Dios por el esfuerzo y labor de estos misioneros, y tantas personas y servidores, que con su colaboraci\u00f3n hicieron posible esta hermosa obra de Dios. Pidamos especialmente que el Se\u00f1or siga derramando abundantes gracias como fruto de ella.<\/p>\n<p>Tambi\u00e9n oremos por otros hermanos de nuestra comunidad diocesana, que durante este veranos, han estado o estar\u00e1n misionando en diversos lugares.<\/p>\n<p><i>Oraci\u00f3n<\/i><em>: \u00a0&#8221; Se\u00f1or, conc\u00e9dele a nuestro Obispo Mons. Oscar Sarlinga, la abundancia de los dones de tu Santo Esp\u00edritu, para el desempe\u00f1o de su ministerio episcopal como Pastor de la Di\u00f3cesis de Z\u00e1rate-Campana. Te pedimos especialmente por todos los misioneros que pertenecen a su reba\u00f1o, para que durante este verano particularmente , les concedas sabidur\u00eda, paciencia, fortaleza y perseverancia, de modo que siendo d\u00f3ciles instrumentos tuyos, puedan hacer brillar la Luz del Evangelio, de modo que todos puedan conocer o redescubrir Tu Amor.Amen.&#8221;<\/em><\/p>\n<!-- AddThis Advanced Settings generic via filter on the_content --><!-- AddThis Share Buttons generic via filter on the_content -->","protected":false},"excerpt":{"rendered":"<p>Entre los d\u00edas 2 y 13 de enero tuvo lugar el &#8220;Verano Misionero&#8221; en el partido de Pilar. De esta manera concluy\u00f3 el trienio de [&hellip;]<!-- AddThis Advanced Settings generic via filter on get_the_excerpt --><!-- AddThis Share Buttons generic via filter on get_the_excerpt --><\/p>\n","protected":false},"author":2,"featured_media":4209,"comment_status":"open","ping_status":"closed","sticky":false,"template":"","format":"standard","meta":{"footnotes":""},"categories":[1],"tags":[],"class_list":["post-4208","post","type-post","status-publish","format-standard","has-post-thumbnail","hentry","category-noticiasdiocesanas"],"_links":{"self":[{"href":"https:\/\/obispadodezaratecampana.org\/index.php?rest_route=\/wp\/v2\/posts\/4208","targetHints":{"allow":["GET"]}}],"collection":[{"href":"https:\/\/obispadodezaratecampana.org\/index.php?rest_route=\/wp\/v2\/posts"}],"about":[{"href":"https:\/\/obispadodezaratecampana.org\/index.php?rest_route=\/wp\/v2\/types\/post"}],"author":[{"embeddable":true,"href":"https:\/\/obispadodezaratecampana.org\/index.php?rest_route=\/wp\/v2\/users\/2"}],"replies":[{"embeddable":true,"href":"https:\/\/obispadodezaratecampana.org\/index.php?rest_route=%2Fwp%2Fv2%2Fcomments&post=4208"}],"version-history":[{"count":3,"href":"https:\/\/obispadodezaratecampana.org\/index.php?rest_route=\/wp\/v2\/posts\/4208\/revisions"}],"predecessor-version":[{"id":4225,"href":"https:\/\/obispadodezaratecampana.org\/index.php?rest_route=\/wp\/v2\/posts\/4208\/revisions\/4225"}],"wp:featuredmedia":[{"embeddable":true,"href":"https:\/\/obispadodezaratecampana.org\/index.php?rest_route=\/wp\/v2\/media\/4209"}],"wp:attachment":[{"href":"https:\/\/obispadodezaratecampana.org\/index.php?rest_route=%2Fwp%2Fv2%2Fmedia&parent=4208"}],"wp:term":[{"taxonomy":"category","embeddable":true,"href":"https:\/\/obispadodezaratecampana.org\/index.php?rest_route=%2Fwp%2Fv2%2Fcategories&post=4208"},{"taxonomy":"post_tag","embeddable":true,"href":"https:\/\/obispadodezaratecampana.org\/index.php?rest_route=%2Fwp%2Fv2%2Ftags&post=4208"}],"curies":[{"name":"wp","href":"https:\/\/api.w.org\/{rel}","templated":true}]}}