{"id":4202,"date":"2014-01-06T16:09:54","date_gmt":"2014-01-06T19:09:54","guid":{"rendered":"http:\/\/obispadodezaratecampana.org\/?p=4202"},"modified":"2014-01-06T16:20:22","modified_gmt":"2014-01-06T19:20:22","slug":"martes-7-de-enero-misa-san-cayetano-zarate","status":"publish","type":"post","link":"https:\/\/obispadodezaratecampana.org\/?p=4202","title":{"rendered":"Martes 7 de enero : Misa San Cayetano &#8211; Z\u00e1rate"},"content":{"rendered":"<p>El martes 7 de enero , est\u00e1n todos invitados a participar de la Santa Misa que celebrar\u00e1 el sacerdote salesiano Roberto Musante en la Ermita de San Cayetano del partido de Z\u00e1rate (ubicada entre Av. Anta y Estrada)<br \/>\nA las 19:00 hs se rezar\u00e1 el Santo Rosario, y 19:30 hs comenzar\u00e1 la Misa.<\/p>\n<p><strong>\u00bfQui\u00e9n es el padre Roberto?<\/strong><\/p>\n<p>En principio es bueno recordar que fue el primero en celebrar Misa en la Ermita hace 21 a\u00f1os, y durante a\u00f1os estuvo como cura p\u00e1rroco de la Pquia. San Jose Obrero de Z\u00e1rate.<br \/>\nEl padre Roberto es un sacerdote salesiano \u2013 de nacionalidad argentina- que actualmente esta como misionero en Angola (Africa).<br \/>\nIngresen en este enlace para ver un video y conocer un poco mas a este ejemplar sacerdote &#8220;Vidas con sentido &#8211; P. Roberto Musante&#8221;\u00a0<a href=\"http:\/\/www.youtube.com\/watch?v=KJbOcxk4F4A\">http:\/\/www.youtube.com\/watch?v=KJbOcxk4F4A<\/a><\/p>\n<!-- AddThis Advanced Settings generic via filter on the_content --><!-- AddThis Share Buttons generic via filter on the_content -->","protected":false},"excerpt":{"rendered":"<p>El martes 7 de enero , est\u00e1n todos invitados a participar de la Santa Misa que celebrar\u00e1 el sacerdote salesiano Roberto Musante en la Ermita [&hellip;]<!-- AddThis Advanced Settings generic via filter on get_the_excerpt --><!-- AddThis Share Buttons generic via filter on get_the_excerpt --><\/p>\n","protected":false},"author":2,"featured_media":4205,"comment_status":"open","ping_status":"closed","sticky":false,"template":"","format":"standard","meta":{"footnotes":""},"categories":[3],"tags":[],"class_list":["post-4202","post","type-post","status-publish","format-standard","has-post-thumbnail","hentry","category-noticiasparroquiales"],"_links":{"self":[{"href":"https:\/\/obispadodezaratecampana.org\/index.php?rest_route=\/wp\/v2\/posts\/4202","targetHints":{"allow":["GET"]}}],"collection":[{"href":"https:\/\/obispadodezaratecampana.org\/index.php?rest_route=\/wp\/v2\/posts"}],"about":[{"href":"https:\/\/obispadodezaratecampana.org\/index.php?rest_route=\/wp\/v2\/types\/post"}],"author":[{"embeddable":true,"href":"https:\/\/obispadodezaratecampana.org\/index.php?rest_route=\/wp\/v2\/users\/2"}],"replies":[{"embeddable":true,"href":"https:\/\/obispadodezaratecampana.org\/index.php?rest_route=%2Fwp%2Fv2%2Fcomments&post=4202"}],"version-history":[{"count":1,"href":"https:\/\/obispadodezaratecampana.org\/index.php?rest_route=\/wp\/v2\/posts\/4202\/revisions"}],"predecessor-version":[{"id":4206,"href":"https:\/\/obispadodezaratecampana.org\/index.php?rest_route=\/wp\/v2\/posts\/4202\/revisions\/4206"}],"wp:featuredmedia":[{"embeddable":true,"href":"https:\/\/obispadodezaratecampana.org\/index.php?rest_route=\/wp\/v2\/media\/4205"}],"wp:attachment":[{"href":"https:\/\/obispadodezaratecampana.org\/index.php?rest_route=%2Fwp%2Fv2%2Fmedia&parent=4202"}],"wp:term":[{"taxonomy":"category","embeddable":true,"href":"https:\/\/obispadodezaratecampana.org\/index.php?rest_route=%2Fwp%2Fv2%2Fcategories&post=4202"},{"taxonomy":"post_tag","embeddable":true,"href":"https:\/\/obispadodezaratecampana.org\/index.php?rest_route=%2Fwp%2Fv2%2Ftags&post=4202"}],"curies":[{"name":"wp","href":"https:\/\/api.w.org\/{rel}","templated":true}]}}