{"id":4144,"date":"2014-01-01T11:47:14","date_gmt":"2014-01-01T14:47:14","guid":{"rendered":"http:\/\/obispadodezaratecampana.org\/?p=4144"},"modified":"2014-01-01T14:17:38","modified_gmt":"2014-01-01T17:17:38","slug":"1-de-enero-del-ano-2014-maria-madre-de-dios-jornada-mundial-por-la-paz","status":"publish","type":"post","link":"https:\/\/obispadodezaratecampana.org\/?p=4144","title":{"rendered":"1 \u00b0 de enero del a\u00f1o 2014 : Maria Madre de Dios &#8211; Jornada Mundial por la Paz &#8211; Aniversario fallecimiento Mons. Exp\u00f3sito Castro"},"content":{"rendered":"<p>El primero de enero la Iglesia celebra la solemnidad de &#8220;Maria Madre de Dios&#8221;. Adem\u00e1s, es la 47\u00b0 Jornada Mundial por la Paz, y en nuestra di\u00f3cesis de Z\u00e1rate-Campana , se cumple el cuarto aniversario del fallecimiento del primer Obispo diocesano: Alfredo Mario Exp\u00f3sito Castro.<\/p>\n<p>Luego de las misas de 11:00 y 20:00 hs (del 1\/1\/2014) de la Catedral Santa Florentina (Campana), habr\u00e1 responso en la Cripta, donde descansan los restos mortales de Mons. Exp\u00f3sito Castro.<\/p>\n<p><strong>La Jornada Mundial por la Paz y el origen de esta iniciativa<\/strong><\/p>\n<p>La &#8220;Jornada mundial por la paz&#8221;, es una iniciativa del Papa Pablo VI, instituida para el primer d\u00eda de cada a\u00f1o y de hecho la primera jornada se celebr\u00f3 el primero de enero de 1969.<\/p>\n<p>Pablo VI, en su mensaje, llamado &#8220;La jornada de la paz&#8221;, escrib\u00eda que tal &#8220;propuesta&#8230;no desea calificarse como exclusivamente nuestra, religiosa, es decir cat\u00f3lica; esta propuesta quisiera encontrar la adhesi\u00f3n de todos los amigos verdaderos de la paz casi como si fuera una iniciativa propia&#8221;. Ya en 1969, se publica el segundo mensaje que afirma que la &#8220;promoci\u00f3n de los derechos humanos es el camino hacia la paz&#8221;.\u00a0Hasta el \u00faltimo mensaje (-&#8220;No a la violencia, s\u00ed a la paz..!!&#8221;-) en 1978, Pablo VI, desarrolla anualmente diversas tem\u00e1ticas, tratando de asociar a la paz las ideas de la educaci\u00f3n, de la justicia, de la reconciliaci\u00f3n y de la vida. Su pensamiento es claro y categ\u00f3rico: &#8220;la paz es posible&#8221;, dec\u00eda y agregaba: cierto, &#8220;la paz depende de cada uno de nosotros y las armas verdaderas son la bondad, el amor y el perd\u00f3n. Pablo VI, en sus a\u00f1os de pontificado, public\u00f3 11 mensajes entre 1968 y 1978.<\/p>\n<p><em>&#8220;Env\u00eda, Se\u00f1or tu Santo Esp\u00edritu. Feliz y sereno 2014.&#8221; <\/em>Ver enlace del perfil de facebook de Mons. Sarlinga (para los cristianos particularmente la paloma es un signo de la Paz, dado que es una de las maneras de representar al Santo Esp\u00edritu de Dios :\u00a0<a href=\"https:\/\/www.facebook.com\/photo.php?fbid=672713832778971&amp;set=a.550243111692711.1073741825.550243081692714&amp;type=1&amp;theater\">https:\/\/www.facebook.com\/photo.php?fbid=672713832778971&amp;set=a.550243111692711.1073741825.550243081692714&amp;type=1&amp;theater<\/a><\/p>\n<p><strong>El Papa Francisco encomienda a Mar\u00eda Madre de Dios las necesidades del mundo entero<\/strong><\/p>\n<p><em>El Pont\u00edfice presidi\u00f3 esta ma\u00f1ana la Eucarist\u00eda del primero del a\u00f1o en la Bas\u00edlica de San Pedro en la Solemnidad de Mar\u00eda Sant\u00edsima Madre de Dios y en la 47\u00b0 \u00a0Jornada Mundial de la Paz.<\/em><br \/>\n<em>En Roma, con motivo de la Jornada Mundial por la Paz, la Comunidad de San Egidio, \u00a0organiz\u00f3 la tradicional Marcha por la Paz. El evento comenz\u00f3 a las 10 de la ma\u00f1ana, en la v\u00eda de la Conciliazione y prosigui\u00f3 hasta la Plaza de San Pedro, para participar en el \u00c1ngelus, junto al Santo Padre. Los participantes exhibieron ocho grandes pancartas y banderas de la paz.<\/em><\/p>\n<p><strong>Texto completo de la homil\u00eda del Santo Padre Francisco<\/strong><\/p>\n<p>La primera lectura que hemos escuchado nos propone una vez m\u00e1s las antiguas palabras de bendici\u00f3n que Dios sugiri\u00f3 a Mois\u00e9s para que las ense\u00f1ara a Aar\u00f3n y a sus hijos: \u00abQue el Se\u00f1or te bendiga y te proteja. Que el Se\u00f1or haga brillar su rostro sobre ti y te muestre su gracia. Que el Se\u00f1or te descubra su rostro y te conceda la paz\u00bb (Nm 6,24-26). Es muy significativo escuchar de nuevo esta bendici\u00f3n precisamente al comienzo del nuevo a\u00f1o: ella acompa\u00f1ar\u00e1 nuestro camino durante el tiempo que ahora nos espera.<br \/>\nSon palabras de fuerza, de valor, de esperanza. No de una esperanza ilusoria, basada en fr\u00e1giles promesas humanas; ni tampoco una esperanza ingenua, que imagina un futuro mejor s\u00f3lo porque es futuro. Esta esperanza tiene su raz\u00f3n de ser precisamente en la bendici\u00f3n de Dios, una bendici\u00f3n que contiene el mejor de los deseos, el deseo de la Iglesia para todos nosotros, impregnado de la protecci\u00f3n amorosa del Se\u00f1or, de su ayuda providente.<br \/>\nEl deseo contenido en esta bendici\u00f3n se ha realizado plenamente en una mujer, Mar\u00eda, por haber sido destinada a ser la Madre de Dios, y se ha cumplido en ella antes que en ninguna otra criatura.<br \/>\nMadre de Dios. Este es el t\u00edtulo principal y esencial de la Virgen Mar\u00eda. Es una cualidad, un papel, que la fe del pueblo cristiano siempre ha experimentado, en su tierna y genuina devoci\u00f3n por nuestra madre celestial.<br \/>\nRecordemos aquel gran momento de la historia de la Iglesia antigua, el Concilio de \u00c9feso, en el que fue definida con autoridad la divina maternidad de la Virgen. La verdad sobre la divina maternidad de Mar\u00eda encontr\u00f3 eco en Roma, donde poco despu\u00e9s se construy\u00f3 la Bas\u00edlica de Santa Mar\u00eda \u00abla Mayor\u00bb, primer santuario mariano de Roma y de todo occidente, y en el cual se venera la imagen de la Madre de Dios \u2014la Theotokos\u2014 con el t\u00edtulo de Salus populi romani. Se dice que, durante el Concilio, los habitantes de \u00c9feso se congregaban a ambos lados de la puerta de la bas\u00edlica donde se reun\u00edan los Obispos, gritando: \u00ab\u00a1Madre de Dios!\u00bb. Los fieles, al pedir que se definiera oficialmente este t\u00edtulo mariano, demostraban reconocer ya la divina maternidad. Es la actitud espont\u00e1nea y sincera de los hijos, que conocen bien a su madre, porque la aman con inmensa ternura.<br \/>\nPero es m\u00e1s, es el sensus fidei del santo pueblo de Dios que jam\u00e1s, en su unidad, jam\u00e1s se equivoca, el santo Pueblo de Dios.<br \/>\nMar\u00eda est\u00e1 desde siempre presente en el coraz\u00f3n, en la devoci\u00f3n y, sobre todo, en el camino de fe del pueblo cristiano. \u00abLa Iglesia\u2026 camina en el tiempo\u2026 Pero en este camino &#8211; deseo destacarlo &#8211; procede recorriendo de nuevo el itinerario realizado por la Virgen Mar\u00eda\u00bb (Juan Pablo II, Enc. Redentoris Mater, 2), y por eso la sentimos particularmente cercana a nosotros. Por lo que respecta a la fe, que es el quicio de la vida cristiana, la Madre de Dios ha compartido nuestra condici\u00f3n, ha debido caminar por los mismos caminos que recorremos nosotros, a veces dif\u00edciles y oscuros, ha debido avanzar en \u00abla peregrinaci\u00f3n de la fe\u00bb (Conc. Ecum. Vat. II, Const. Lumen gentium, 58).<br \/>\nNuestro camino de fe est\u00e1 unido de manera indisoluble a Mar\u00eda desde el momento en que Jes\u00fas, muriendo en la cruz, nos la ha dado como Madre diciendo: \u00abHe ah\u00ed a tu madre\u00bb (Jn 19,27). Estas palabras tienen un valor de testamento y dan al mundo una Madre. Desde ese momento, la Madre de Dios se ha convertido tambi\u00e9n en nuestra Madre. En aquella hora en la que la fe de los disc\u00edpulos se agrietaba por tantas dificultades e incertidumbres, Jes\u00fas les confi\u00f3 a aquella que fue la primera en creer, y cuya fe no decaer\u00eda jam\u00e1s. Y la \u00abmujer\u00bb se convierte en nuestra Madre en el momento en el que pierde al Hijo divino. Y su coraz\u00f3n herido se ensancha para acoger a todos los hombres, buenos y malos, todos, y los ama como los ama Jes\u00fas. La mujer que en las bodas de Can\u00e1 de Galilea hab\u00eda cooperado con su fe a la manifestaci\u00f3n de las maravillas de Dios en el mundo, en el Calvario mantiene encendida la llama de la fe en la resurrecci\u00f3n de su Hijo, y la comunica con afecto materno a los dem\u00e1s. Mar\u00eda se convierte as\u00ed en fuente de esperanza y de verdadera alegr\u00eda.<br \/>\nLa Madre del Redentor nos precede y continuamente nos confirma en la fe, en la vocaci\u00f3n y en la misi\u00f3n. Con su ejemplo de humildad y de disponibilidad a la voluntad de Dios nos ayuda a traducir nuestra fe en un anuncio del Evangelio alegre y sin fronteras. De este modo nuestra misi\u00f3n ser\u00e1 fecunda, porque est\u00e1 modelada sobre la maternidad de Mar\u00eda.<br \/>\nA ella confiamos nuestro itinerario de fe, los deseos de nuestro coraz\u00f3n, nuestras necesidades, las del mundo entero, especialmente el hambre y la sed de justicia, de paz y de Dios; y la invocamos todos juntos, imitando a nuestros hermanos de \u00c9feso. Digamos juntos por tres veces: \u00a1Santa Madre de Dios! \u00a1Santa Madre de Dios! \u00a1Santa Madre de Dios! Am\u00e9n.<\/p>\n<p>Fuente:\u00a0<a href=\"http:\/\/www.news.va\/es\/news\/encomendamos-a-maria-nuestras-necesidades-y-las-de\">http:\/\/www.news.va\/es\/news\/encomendamos-a-maria-nuestras-necesidades-y-las-de<\/a><\/p>\n<p>&nbsp;<\/p>\n<!-- AddThis Advanced Settings generic via filter on the_content --><!-- AddThis Share Buttons generic via filter on the_content -->","protected":false},"excerpt":{"rendered":"<p>El primero de enero la Iglesia celebra la solemnidad de &#8220;Maria Madre de Dios&#8221;. Adem\u00e1s, es la 47\u00b0 Jornada Mundial por la Paz, y en [&hellip;]<!-- AddThis Advanced Settings generic via filter on get_the_excerpt --><!-- AddThis Share Buttons generic via filter on get_the_excerpt --><\/p>\n","protected":false},"author":2,"featured_media":4145,"comment_status":"open","ping_status":"closed","sticky":false,"template":"","format":"standard","meta":{"footnotes":""},"categories":[1],"tags":[],"class_list":["post-4144","post","type-post","status-publish","format-standard","has-post-thumbnail","hentry","category-noticiasdiocesanas"],"_links":{"self":[{"href":"https:\/\/obispadodezaratecampana.org\/index.php?rest_route=\/wp\/v2\/posts\/4144","targetHints":{"allow":["GET"]}}],"collection":[{"href":"https:\/\/obispadodezaratecampana.org\/index.php?rest_route=\/wp\/v2\/posts"}],"about":[{"href":"https:\/\/obispadodezaratecampana.org\/index.php?rest_route=\/wp\/v2\/types\/post"}],"author":[{"embeddable":true,"href":"https:\/\/obispadodezaratecampana.org\/index.php?rest_route=\/wp\/v2\/users\/2"}],"replies":[{"embeddable":true,"href":"https:\/\/obispadodezaratecampana.org\/index.php?rest_route=%2Fwp%2Fv2%2Fcomments&post=4144"}],"version-history":[{"count":11,"href":"https:\/\/obispadodezaratecampana.org\/index.php?rest_route=\/wp\/v2\/posts\/4144\/revisions"}],"predecessor-version":[{"id":4174,"href":"https:\/\/obispadodezaratecampana.org\/index.php?rest_route=\/wp\/v2\/posts\/4144\/revisions\/4174"}],"wp:featuredmedia":[{"embeddable":true,"href":"https:\/\/obispadodezaratecampana.org\/index.php?rest_route=\/wp\/v2\/media\/4145"}],"wp:attachment":[{"href":"https:\/\/obispadodezaratecampana.org\/index.php?rest_route=%2Fwp%2Fv2%2Fmedia&parent=4144"}],"wp:term":[{"taxonomy":"category","embeddable":true,"href":"https:\/\/obispadodezaratecampana.org\/index.php?rest_route=%2Fwp%2Fv2%2Fcategories&post=4144"},{"taxonomy":"post_tag","embeddable":true,"href":"https:\/\/obispadodezaratecampana.org\/index.php?rest_route=%2Fwp%2Fv2%2Ftags&post=4144"}],"curies":[{"name":"wp","href":"https:\/\/api.w.org\/{rel}","templated":true}]}}