{"id":4134,"date":"2013-12-30T12:08:43","date_gmt":"2013-12-30T15:08:43","guid":{"rendered":"http:\/\/obispadodezaratecampana.org\/?p=4134"},"modified":"2013-12-30T12:52:07","modified_gmt":"2013-12-30T15:52:07","slug":"mensaje-pastoral-de-nuestro-obispo-para-el-nuevo-ano-2014","status":"publish","type":"post","link":"https:\/\/obispadodezaratecampana.org\/?p=4134","title":{"rendered":"Mensaje pastoral de nuestro Obispo para el nuevo a\u00f1o 2014"},"content":{"rendered":"<p><strong>Mensaje pastoral de Mons. Oscar D. Sarlinga para el nuevo a\u00f1o 2014<\/strong><\/p>\n<p>Sencillamente, \u201crenacer\u201d es esencial.<\/p>\n<p>Hermanos, hermanas de nuestra querida di\u00f3cesis:<\/p>\n<p>Les narro que desde hace a\u00f1os observo un santo estremecimiento durante las letan\u00edas cantadas en las celebraciones de ordenaci\u00f3n, sea diaconal, sea sacerdotal, y se trata de un estremecimiento que lo es de todo el Pueblo de Dios que participa: \u201cDanos la alegr\u00eda de anunciar el Evangelio\u201d. Por ello fue un motivo de gozo el saber que las primeras palabras de la exhortaci\u00f3n apost\u00f3lica del Papa Francisco han sido: \u201cEvangelii Gaudium\u201d: el gozo, la alegr\u00eda del Evangelio, que renueva nuestra vida humana y cristiana, pues de esto se trata, y tanto m\u00e1s lo pido que lo consideremos ante el nuevo a\u00f1o del Se\u00f1or que iniciamos: ponernos a disposici\u00f3n para ser renovados en la Gracia divina, lo cual significa, lisa y llanamente, \u201crenacer\u201d.<\/p>\n<p>En realidad, renacer es esencial. \u00bfPuede un ser humano \u201cnacer de nuevo\u201d?.<\/p>\n<p>Renacer es producto de el habernos antes vuelto \u201cmateria dispuesta\u201d (en modo anal\u00f3gico de decir) al cumplimiento de las promesas (en sentido de plenitud), a la renovaci\u00f3n que el mismo Dios quiere realizar en nosotros: Cristo naciente, Cristo Resucitado, se dirige a nosotros para que \u201ccreamos\u201d, y lo hace con una potencia que nos llena de inmensa confianza y de firm\u00edsima esperanza: \u00abYo hago nuevas todas las cosas\u00bb (Ap 21,5).<\/p>\n<p>Renacer implica dejar de \u201cmatar\u201d (anal\u00f3gicamente hablando o propiamente) y dejar de hacerse in\u00fatilmente matar. Basta de \u201cguerras\u201d entre nosotros: los disc\u00edpulos del Se\u00f1or son llamados a vivir como comunidad que sea sal de la tierra y luz del mundo (cf. Mt 5,13-16). Viva la paz proactiva, constructiva, din\u00e1mica, transformadora. Sin esa d\u00fdnamis de Paz no se dise\u00f1a ni se construye. Y la hace Cristo, no otro; ni las meras t\u00e1cticas. La hace \u201cla estrategia del Evangelio\u201d que es superadora.<\/p>\n<p>\u00bfRenacer?. S\u00ed. Y s\u00ed\u2026 si acogemos, si recibimos con confianza el don de la regocijante fe, como la de Mar\u00eda Sant\u00edsima, que fue proclamada bienaventurada por su prima Isabel, \u201cpor haber cre\u00eddo en el cumplimiento de lo que el Se\u00f1or le ha dicho\u201d (Lc 1,45).<\/p>\n<p>Renovada llamada. Es por esto que, ha llamado renovado, somos fortalecidos con renovada vocaci\u00f3n a dar testimonio de una pertenencia humanizadora y evangelizadora de manera siempre nueva, con un \u201ccaminar\u201d nuevo, con un \u201cdise\u00f1ar\u201d nuevo, con un \u201cconstruir\u201d nuevo, de modo que crezca en nuestro interior la visi\u00f3n espiritual del moviente y confortante signo iluminador, que lo es a la vez de Mar\u00eda y de la Iglesia: \u201cUn gran signo apareci\u00f3 en el cielo: una Mujer revestida de sol, con la luna bajo sus pies, y sobre su cabeza una corona de doce estrellas\u201d (Ap 12,1). Mar\u00eda misma constituye el \u201cSignum Magnum\u201d que proseguir\u00e1 a reflorecer, incluso sin verse ostensible, en nuestro mundo de hoy, aunque quiz\u00e1 no sin algo de dolor; s\u00f3lo Dios sabe c\u00f3mo, nosotros vivamos en el realismo de la esperanza, como tantas veces lo hemos clamado.<\/p>\n<p>Ahora bien, nadie renace sin aceptar el esp\u00edritu de las bienaventuranzas, para lo cual, como he mencionado, primero hemos de enraizar la actitud profunda de \u201cterminar con las guerras\u201d (interiores, internas, externas, exteriores\u2026. Cf. Evangelii Gaudium 98), terminar con ese germen en cierto modo fratricida que anida en corazones que no se dejan cuidar por la Mano del Padre. Desde el creer, movernos hacia una dimensi\u00f3n existencial del creer, hacia una \u201cfe vivida\u201d (que es caridad), de modo tal de ser bienaventurados, por creer \u201ca\u00fan sin haber visto\u201d (Cf Jn 20,19), incluso en medio de pruebas y dificultades, que no nos van a faltar, pero que no nos vencer\u00e1n, con la ayuda divina. Renovemos, renovemos en nosotros la actitud fundante, de humilde pedido: \u201cDanos la alegr\u00eda de anunciar el Evangelio\u201d: \u201cLa alegr\u00eda del Evangelio es esa que nada ni nadie nos podr\u00e1 quitar (cf. Jn 16,22) a la que se refiere Evangelii Gaudium.<\/p>\n<p>Entonces, a A\u00f1o Nuevo, m\u00e1s que de manera maquinal o semim\u00e1gica (lo cual a ninguna parte buena nos llevar\u00eda) la radicaci\u00f3n de una renovaci\u00f3n est\u00e1 \u201corar en esp\u00edritu y en verdad\u201d (\u00a1empecemos por all\u00ed, por favor! por esa \u201cpuerta estrecha\u201d que en realidad es \u201ccamino ancho y real\u201d como afirmaba Santa Teresa de Jes\u00fas), y en aceptar el convertirnos en creaturas nuevas, por obra de la Gracia; creaturas que, en raz\u00f3n de su renovaci\u00f3n aceptada, pasan a vivir de relaciones nuevas entre s\u00ed, que se profesan una \u201cmirada nueva\u201d (S\u00ed a las relaciones nuevas que genera Jesucristo; Cf. Evangelii Gaudium 88). Mir\u00e9moslo con una \u201cmirada\u201d, tambi\u00e9n \u201cnueva\u201d.<\/p>\n<p>La mirada. Pasa un poco desapercibido, el tema de la \u201cmirada\u201d pero tambi\u00e9n proviene de lo esencial. Por ello hemos estado compartiendo la tem\u00e1tica, y las im\u00e1genes, de \u201cla mirada de la Virgen\u201d. Tambi\u00e9n recoge esa inspiraci\u00f3n la Evangelii Gaudium, en el n\u00famero 287: \u201cNosotros hoy fijamos en ella la mirada, para que nos ayude a anunciar a todos el mensaje de salvaci\u00f3n, y para que los nuevos disc\u00edpulos se conviertan en agentes evangelizadores. En esta peregrinaci\u00f3n evangelizadora no faltan las etapas de aridez, ocultamiento, y hasta cierta fatiga, como la que vivi\u00f3 Mar\u00eda en los a\u00f1os de Nazaret, mientras Jes\u00fas crec\u00eda: \u00ab\u00c9ste es el comienzo del Evangelio, o sea de la buena y agradable nueva. No es dif\u00edcil, pues, notar en este inicio una particular fatiga del coraz\u00f3n, unida a una especie de \u201cnoche de la fe\u201d \u2014usando una expresi\u00f3n de san Juan de la Cruz\u2014, como un \u201cvelo\u201d a trav\u00e9s del cual hay que acercarse al Invisible y vivir en intimidad con el misterio\u201d.<\/p>\n<p>Recibir la Luz de Cristo, para crecer en semejanza de la primera comunidad de creyentes.<br \/>\nPodemos estar seguros de recibir la Luz de Cristo, aunque por momentos pueda estar velada a nuestra vista, o semi-velada. Hermanos, hermanas, en esta solemnidad de Mar\u00eda Madre de Dios y a la vez flamante comienzo de un Nuevo A\u00f1o en medio de nuestros transcurrientes tiempos, auguro, deseo, felicidad y paz para todos ustedes, sus queridas familias, las parroquias y comunidades todas. Nos d\u00e9 Dios un A\u00f1o Nuevo 2014 signado por el Amor de Cristo, por la esperanza que no defrauda, y por la fe. Ese Amor lo auguro tambi\u00e9n y sinceramente para quienes no comparten nuestra fe, no nos conocen, o tal vez no nos quieren tanto.<\/p>\n<p>Que nuestra comunidad diocesana, se convierta cada vez m\u00e1s en semejante imagen de la primera comunidad de los creyentes, la cual, unida a Mar\u00eda la Madre de Dios, no tuvo necesidad de ver \u201cf\u00edsicamente\u201d para creer en el Poder del Resucitado (Cf Jn 4,48), porque ese Poder obraba en ellos.<\/p>\n<p>Y que dicho signo, profundamente enraizado en nuestro esp\u00edritu, lejos de quedar fijado en una intimista impresi\u00f3n, nos mueva a trabajar por la Paz de Dios, y la solidaridad realizada y transformadora de nuestros ambientes de vida, en esta Jornada Mundial de la Paz centrada en la fraternidad.<br \/>\nQuiera Dios hacernos rejuvenecer d\u00eda a d\u00eda en el Esp\u00edritu, y tambi\u00e9n, cada d\u00eda, como ha sido nuestro deseo fundante, \u201cnacer de nuevo\u201d. Les pido tambi\u00e9n recordemos en la oraci\u00f3n el d\u00eda 1ro. de enero a nuestro primer Obispo, Mons. Alfredo Esposito Castro, quien cuatro a\u00f1os atr\u00e1s, el 1ro. de enero de 2010, parti\u00f3 a la Casa del Padre.<\/p>\n<p>A todos, muy queridos: \u00a1Feliz, sereno, esperanzado, realista y din\u00e1mico A\u00f1o 2014!. \u00a1Santo \u201ckair\u00f3s\u201d de bendici\u00f3n!. El Divino Ni\u00f1o Jes\u00fas nos acompa\u00f1e y gu\u00ede.<\/p>\n<p>Con un coraz\u00f3n que los abraza, en el Se\u00f1or de todos, implorando protecci\u00f3n de la Virgen Madre de Dios y Madre de la Iglesia, Madre de la Divina Gracia, Mar\u00eda Sant\u00edsima.<\/p>\n<p>+Oscar D. Sarlinga<\/p>\n<p>Obispo de Z\u00e1rate-Campana.<\/p>\n<p>En Campana, el 30 de diciembre de 2013, con los mejores deseos y augurios de protecci\u00f3n de la Madre de Dios para el cercan\u00edsimo 2014, ya desde ma\u00f1ana 31 por la noche.<\/p>\n<!-- AddThis Advanced Settings generic via filter on the_content --><!-- AddThis Share Buttons generic via filter on the_content -->","protected":false},"excerpt":{"rendered":"<p>Mensaje pastoral de Mons. Oscar D. Sarlinga para el nuevo a\u00f1o 2014 Sencillamente, \u201crenacer\u201d es esencial. Hermanos, hermanas de nuestra querida di\u00f3cesis: Les narro que [&hellip;]<!-- AddThis Advanced Settings generic via filter on get_the_excerpt --><!-- AddThis Share Buttons generic via filter on get_the_excerpt --><\/p>\n","protected":false},"author":2,"featured_media":4135,"comment_status":"open","ping_status":"closed","sticky":false,"template":"","format":"standard","meta":{"footnotes":""},"categories":[1],"tags":[],"class_list":["post-4134","post","type-post","status-publish","format-standard","has-post-thumbnail","hentry","category-noticiasdiocesanas"],"_links":{"self":[{"href":"https:\/\/obispadodezaratecampana.org\/index.php?rest_route=\/wp\/v2\/posts\/4134","targetHints":{"allow":["GET"]}}],"collection":[{"href":"https:\/\/obispadodezaratecampana.org\/index.php?rest_route=\/wp\/v2\/posts"}],"about":[{"href":"https:\/\/obispadodezaratecampana.org\/index.php?rest_route=\/wp\/v2\/types\/post"}],"author":[{"embeddable":true,"href":"https:\/\/obispadodezaratecampana.org\/index.php?rest_route=\/wp\/v2\/users\/2"}],"replies":[{"embeddable":true,"href":"https:\/\/obispadodezaratecampana.org\/index.php?rest_route=%2Fwp%2Fv2%2Fcomments&post=4134"}],"version-history":[{"count":1,"href":"https:\/\/obispadodezaratecampana.org\/index.php?rest_route=\/wp\/v2\/posts\/4134\/revisions"}],"predecessor-version":[{"id":4136,"href":"https:\/\/obispadodezaratecampana.org\/index.php?rest_route=\/wp\/v2\/posts\/4134\/revisions\/4136"}],"wp:featuredmedia":[{"embeddable":true,"href":"https:\/\/obispadodezaratecampana.org\/index.php?rest_route=\/wp\/v2\/media\/4135"}],"wp:attachment":[{"href":"https:\/\/obispadodezaratecampana.org\/index.php?rest_route=%2Fwp%2Fv2%2Fmedia&parent=4134"}],"wp:term":[{"taxonomy":"category","embeddable":true,"href":"https:\/\/obispadodezaratecampana.org\/index.php?rest_route=%2Fwp%2Fv2%2Fcategories&post=4134"},{"taxonomy":"post_tag","embeddable":true,"href":"https:\/\/obispadodezaratecampana.org\/index.php?rest_route=%2Fwp%2Fv2%2Ftags&post=4134"}],"curies":[{"name":"wp","href":"https:\/\/api.w.org\/{rel}","templated":true}]}}