{"id":4110,"date":"2013-12-25T23:53:01","date_gmt":"2013-12-26T02:53:01","guid":{"rendered":"http:\/\/obispadodezaratecampana.org\/?p=4110"},"modified":"2013-12-26T16:58:56","modified_gmt":"2013-12-26T19:58:56","slug":"4110","status":"publish","type":"post","link":"https:\/\/obispadodezaratecampana.org\/?p=4110","title":{"rendered":"Celebraciones del Obispo en esta Navidad"},"content":{"rendered":"<p>El Sr. Obispo celebro la Santa Misa de Navidad en el Hogar de la Paz y la Alegr\u00eda (situado en la zona de la costanera de Z\u00e1rate), el mi\u00e9rcoles 25 de diciembre a las 11: 00 hs. Fue concelebrada con el Pbro. Lucas Martinez (cura p\u00e1rroco de Ntra. Sra. de F\u00e1tima, la cual se encuentra a metros del Hogar).<\/p>\n<p>Participaron de ella las Hermanas de la Caridad, miembros de la comunidad del Hogar a cargo de ellas (ancianos, ni\u00f1as, jovencitas y personas que trabajan como voluntarios), fieles de la Pquia. Ntra. Sra. de F\u00e1tima y de otras comunidades del partido de Z\u00e1rate.<\/p>\n<p>Una vez concluida esta celebraci\u00f3n lit\u00fargica Monse\u00f1or Oscar saludo personalmente a los asistentes, y comparti\u00f3 el almuerzo (un rico asado)- al igual que el padre Lucas- con la comunidad del Hogar.<\/p>\n<p><strong>Homil\u00eda de Navidad<\/strong><\/p>\n<p>Durante la homil\u00eda Monse\u00f1or Oscar explic\u00f3 cual es el sentido que debe tener la Navidad en nuestras vidas, como cristianos. As\u00ed fue como explico, destacando espec\u00edficamente algunos lineamientos para comprender este misterio del nacimiento del Redentor. Les compartimos un resumen de la homil\u00eda:<br \/>\n<em>Emmanuel (Jes\u00fas) significa &#8220;Dios esta con nosotros&#8221; , esto implica que Dios se hizo hombre en el seno de la Virgen Maria y naci\u00f3 para nuestra salvaci\u00f3n. Este misterio de la Natividad envuelve toda nuestra vida, y nos hace ingresar en ese misterio de amor que es el renacimiento espiritual. \u00bfDe que modo renace Jes\u00fas en nuestra vida particularmente en la Navidad? Considerando que esta fiesta es un memorial&#8230;&#8230;.Las fechas y celebraciones de la iglesia, no son una repetici\u00f3n. La liturgia es todo lo contrario a eso, es un memorial en el sentido pleno de la palabra. En el memorial la celebraci\u00f3n de aquello que se conmemora , se hace presente y reactualiza en nosotros las mismas gracias y los mismos dones que el misterio fundante . Por lo tanto, el d\u00eda de la Navidad, toda la Iglesia, como pueblo de Dios y cuerpo de Cristo, recibe las mismas gracias y los dones que recibieron , aquellos que acogieron personalmente al ni\u00f1o Dios que naci\u00f3 en el pesebre hace mas de 2000 a\u00f1os.<\/em><br \/>\n<em> Tambi\u00e9n hay que tener en cuenta que como Cristo efectivamente ya naci\u00f3 , entonces la Navidad hist\u00f3rica, como tal, no se repite ni se repetir\u00e1. La aclamaci\u00f3n que hacemos todos los d\u00edas, en todas las Eucarist\u00edas, en el rezo del Padrenuestro : &#8221; Ven Se\u00f1or Jes\u00fas&#8221; , &#8220;Venga a nosotros tu Reino&#8221; indica justamente la relaci\u00f3n entre el nacimiento del Salvador y ese retorno que esperamos en la plenitud de su Gloria.<\/em><br \/>\n<em> El Obispo tambi\u00e9n exhorto a que nos dejemos transformar interiormente y en nuestra vida familiar y social , por la Gloria de Dios, que implica vivir en y con su Paz, siendo de esta manera otros Cristos. Y para lograr esto, pedir la ayuda de Maria, para comprender el misterio de nuestro renacer como nuevas creaturas (mencionado por San Pablo en el Evangelio)<\/em><\/p>\n<p><strong>Celebraci\u00f3n durante la Noche Buena<\/strong><\/p>\n<p>El martes 24 de diciembre, el obispo celebro la Misa de Navidad, en la Iglesia San Francisco de As\u00eds (en Pilar), compartiendo \u00a0la alegr\u00eda de los 15 a\u00f1os de aniversario de la inauguraci\u00f3n del templo &#8211; hecho por el p. Jos\u00e9 Ram\u00f3n un 24 de diciembre en el 1998.<\/p>\n<p>Estuvieron presentes miembros de \u00a0la familia Vi\u00f1ales, quienes colaboraron con la construcci\u00f3n y donaron un nuevo C\u00e1liz, tra\u00eddo de Jerusal\u00e9n, con motivo de este aniversario.<\/p>\n<!-- AddThis Advanced Settings generic via filter on the_content --><!-- AddThis Share Buttons generic via filter on the_content -->","protected":false},"excerpt":{"rendered":"<p>El Sr. Obispo celebro la Santa Misa de Navidad en el Hogar de la Paz y la Alegr\u00eda (situado en la zona de la costanera [&hellip;]<!-- AddThis Advanced Settings generic via filter on get_the_excerpt --><!-- AddThis Share Buttons generic via filter on get_the_excerpt --><\/p>\n","protected":false},"author":2,"featured_media":4111,"comment_status":"open","ping_status":"closed","sticky":false,"template":"","format":"standard","meta":{"footnotes":""},"categories":[1],"tags":[],"class_list":["post-4110","post","type-post","status-publish","format-standard","has-post-thumbnail","hentry","category-noticiasdiocesanas"],"_links":{"self":[{"href":"https:\/\/obispadodezaratecampana.org\/index.php?rest_route=\/wp\/v2\/posts\/4110","targetHints":{"allow":["GET"]}}],"collection":[{"href":"https:\/\/obispadodezaratecampana.org\/index.php?rest_route=\/wp\/v2\/posts"}],"about":[{"href":"https:\/\/obispadodezaratecampana.org\/index.php?rest_route=\/wp\/v2\/types\/post"}],"author":[{"embeddable":true,"href":"https:\/\/obispadodezaratecampana.org\/index.php?rest_route=\/wp\/v2\/users\/2"}],"replies":[{"embeddable":true,"href":"https:\/\/obispadodezaratecampana.org\/index.php?rest_route=%2Fwp%2Fv2%2Fcomments&post=4110"}],"version-history":[{"count":6,"href":"https:\/\/obispadodezaratecampana.org\/index.php?rest_route=\/wp\/v2\/posts\/4110\/revisions"}],"predecessor-version":[{"id":4113,"href":"https:\/\/obispadodezaratecampana.org\/index.php?rest_route=\/wp\/v2\/posts\/4110\/revisions\/4113"}],"wp:featuredmedia":[{"embeddable":true,"href":"https:\/\/obispadodezaratecampana.org\/index.php?rest_route=\/wp\/v2\/media\/4111"}],"wp:attachment":[{"href":"https:\/\/obispadodezaratecampana.org\/index.php?rest_route=%2Fwp%2Fv2%2Fmedia&parent=4110"}],"wp:term":[{"taxonomy":"category","embeddable":true,"href":"https:\/\/obispadodezaratecampana.org\/index.php?rest_route=%2Fwp%2Fv2%2Fcategories&post=4110"},{"taxonomy":"post_tag","embeddable":true,"href":"https:\/\/obispadodezaratecampana.org\/index.php?rest_route=%2Fwp%2Fv2%2Ftags&post=4110"}],"curies":[{"name":"wp","href":"https:\/\/api.w.org\/{rel}","templated":true}]}}